{"id":273898,"date":"2026-02-17T21:05:07","date_gmt":"2026-02-17T21:05:07","guid":{"rendered":"https:\/\/www.europesays.com\/pt\/273898\/"},"modified":"2026-02-17T21:05:07","modified_gmt":"2026-02-17T21:05:07","slug":"harry-potter-daniel-radcliffe-admite-ficar-constrangido-com-atuacao-na-saga","status":"publish","type":"post","link":"https:\/\/www.europesays.com\/pt\/273898\/","title":{"rendered":"Harry Potter: Daniel Radcliffe admite ficar &#8220;constrangido&#8221; com atua\u00e7\u00e3o na saga"},"content":{"rendered":"<p class=\"wp-block-yoast-seo-estimated-reading-time yoast-reading-time__wrapper\">Estimated reading time: 2 minutos<\/p>\n<p>Como \u00e9 comum para a maioria das estrelas de Hollywood, <a href=\"https:\/\/ovicio.com.br\/tag\/daniel-radcliffe\" target=\"_blank\" rel=\"noreferrer noopener nofollow\">Daniel Radcliffe<\/a> n\u00e3o costuma assistir aos seus pr\u00f3prios projetos, e isso inclui os filmes da saga <a href=\"https:\/\/ovicio.com.br\/tag\/harry-potter\" target=\"_blank\" rel=\"noreferrer noopener nofollow\">Harry Potter<\/a>, com o ator admitindo ficar um tanto &#8220;constrangido&#8221; com seu trabalho na saga bruxa.<\/p>\n<p>Em entrevista ao Screen Rant, o int\u00e9rprete do protagonista hom\u00f4nimo da franquia revelou estar contente com as comemora\u00e7\u00f5es pr\u00e9-agendadas do 25\u00ba anivers\u00e1rio de<strong> A Pedra Filosofal<\/strong>, primeiro filme da saga.<\/p>\n<p>Radcliffe tamb\u00e9m sugeriu que, provavelmente, estaria finamente pronto para rever o longa-metragem, embora n\u00e3o esteja certo disso, explicando tamb\u00e9m o motivo de n\u00e3o assistir \u00e0s produ\u00e7\u00f5es.<\/p>\n<p><strong>&#8220;Talvez [eu consiga ver] agora que estou bem mais velho. Eu nunca assistia porque era muito novo na \u00e9poca. Acho um pouco constrangedor, mas agora eu assistiria e pensaria: &#8216;Ah, eu era uma crian\u00e7a fofa&#8217;. Talvez eu assistia ao primeiro de novo algum dia.&#8221;<\/strong><\/p>\n<p>Entre as comemora\u00e7\u00f5es dos 25 anos de <strong>Harry Potter e a Pedra Filosofal<\/strong>, a <a href=\"https:\/\/ovicio.com.br\/tag\/warner\" target=\"_blank\" rel=\"noreferrer noopener nofollow\">Warner<\/a> j\u00e1 confirmou que reexibir\u00e1 o filme entre os dias <strong>27 de agosto e 3 de setembro de 2026<\/strong>.<\/p>\n<p>O relan\u00e7amento, vale destacar, contar\u00e1 com conte\u00fados adicionais de bastidores ao final do longa-metragem, contabilizando cerca de 10 minutos de cenas extras.<\/p>\n<p>A comemora\u00e7\u00e3o tamb\u00e9m coincide com o mesmo ano em que a s\u00e9rie de <strong>Harry Potter<\/strong> encerrar\u00e1 as filmagens de sua 1\u00aa temporada, adaptando tamb\u00e9m os eventos do primeiro livro.<\/p>\n<p>A estreia do show segue marcada para o primeiro semestre de 2027 na <strong>HBO <\/strong>e <a href=\"https:\/\/ovicio.com.br\/tag\/hbo-max\" rel=\"nofollow noopener\" target=\"_blank\">HBO <\/a><a href=\"https:\/\/ovicio.com.br\/tag\/hbo-max\" target=\"_blank\" rel=\"noreferrer noopener nofollow\">Max<\/a><a href=\"https:\/\/ovicio.com.br\/tag\/hbo-max\" rel=\"nofollow noopener\" target=\"_blank\">.<\/a><\/p>\n<p>Leia mais sobre Harry Potter:<\/p>\n<p><strong>Fonte:<\/strong> Screen Rant.<\/p>\n","protected":false},"excerpt":{"rendered":"Estimated reading time: 2 minutos Como \u00e9 comum para a maioria das estrelas de Hollywood, Daniel Radcliffe n\u00e3o&hellip;\n","protected":false},"author":2,"featured_media":273899,"comment_status":"","ping_status":"","sticky":false,"template":"","format":"standard","meta":{"footnotes":"","_share_on_mastodon":"0"},"categories":[140],"tags":[15628,114,115,147,148,700,13527,1583,146,32,33,599],"class_list":["post-273898","post","type-post","status-publish","format-standard","has-post-thumbnail","category-filmes","tag-daniel-radcliffe","tag-entertainment","tag-entretenimento","tag-film","tag-filmes","tag-harry-potter","tag-harry-potter-e-a-pedra-filosofal","tag-hbo-max","tag-movies","tag-portugal","tag-pt","tag-warner"],"share_on_mastodon":{"url":"https:\/\/pubeurope.com\/@pt\/116088007819805237","error":""},"_links":{"self":[{"href":"https:\/\/www.europesays.com\/pt\/wp-json\/wp\/v2\/posts\/273898","targetHints":{"allow":["GET"]}}],"collection":[{"href":"https:\/\/www.europesays.com\/pt\/wp-json\/wp\/v2\/posts"}],"about":[{"href":"https:\/\/www.europesays.com\/pt\/wp-json\/wp\/v2\/types\/post"}],"author":[{"embeddable":true,"href":"https:\/\/www.europesays.com\/pt\/wp-json\/wp\/v2\/users\/2"}],"replies":[{"embeddable":true,"href":"https:\/\/www.europesays.com\/pt\/wp-json\/wp\/v2\/comments?post=273898"}],"version-history":[{"count":0,"href":"https:\/\/www.europesays.com\/pt\/wp-json\/wp\/v2\/posts\/273898\/revisions"}],"wp:featuredmedia":[{"embeddable":true,"href":"https:\/\/www.europesays.com\/pt\/wp-json\/wp\/v2\/media\/273899"}],"wp:attachment":[{"href":"https:\/\/www.europesays.com\/pt\/wp-json\/wp\/v2\/media?parent=273898"}],"wp:term":[{"taxonomy":"category","embeddable":true,"href":"https:\/\/www.europesays.com\/pt\/wp-json\/wp\/v2\/categories?post=273898"},{"taxonomy":"post_tag","embeddable":true,"href":"https:\/\/www.europesays.com\/pt\/wp-json\/wp\/v2\/tags?post=273898"}],"curies":[{"name":"wp","href":"https:\/\/api.w.org\/{rel}","templated":true}]}}