{"id":27390,"date":"2025-08-13T10:42:11","date_gmt":"2025-08-13T10:42:11","guid":{"rendered":"https:\/\/www.europesays.com\/pt\/27390\/"},"modified":"2025-08-13T10:42:11","modified_gmt":"2025-08-13T10:42:11","slug":"50-mil-ilegais-cruzaram-canal-da-mancha-nos-402-dias-de-starmer-no-poder-no-reino-unido","status":"publish","type":"post","link":"https:\/\/www.europesays.com\/pt\/27390\/","title":{"rendered":"50 mil ilegais cruzaram canal da Mancha nos 402 dias de Starmer no poder no Reino Unido"},"content":{"rendered":"<p>O Governo brit\u00e2nico confirmou esta ter\u00e7a-feira (12 de agosto) que mais de 50 mil migrantes j\u00e1 cruzaram ilegalmente o canal da Mancha em pequenos barcos desde que Keir Starmer foi eleito primeiro-ministro, a 4 de julho de 2023, com a promessa de lutar contra os gangues respons\u00e1veis pelo tr\u00e1fico de pessoas e resolver o problema. <\/p>\n<p>Os dados indicam que 50.271 j\u00e1 fizeram a viagem. S\u00f3 na segunda-feira, chegaram mais 474 migrantes ou requerentes de asilo em oito barcos, o n\u00famero mais elevado num s\u00f3 dia no m\u00eas de agosto. <\/p>\n<p><strong>Foram precisos apenas 402 dias de Governo de Starmer para atingir esse n\u00famero (a uma m\u00e9dia de 125 pessoas por dia), menos 201 dias do que durante o Executivo do conservador Rishi Sunak.<\/strong> <\/p>\n<p>Os Tories acusam o Labour de presidir \u00e0 \u201cpior crise migrat\u00f3ria da hist\u00f3ria do pa\u00eds\u201d, enquanto os ministros trabalhistas alegam que a culpa n\u00e3o \u00e9 do atual Governo, mas dos anteriores que n\u00e3o foram capazes de p\u00f4r um trav\u00e3o ao problema. No passado alegaram tamb\u00e9m que o bom tempo tem feito subir o n\u00famero de barcos no canal.<\/p>\n<p>Uma das principais medidas de Starmer em rela\u00e7\u00e3o aos migrantes prende-se com o acordo com Fran\u00e7a, que prev\u00ea a sa\u00edda de um migrante que chegue nos barcos em troca da entrada de um outro que tenha j\u00e1 tido luz verde para entrar no pa\u00eds. Mas ainda n\u00e3o \u00e9 claro o impacto que esta medida ter\u00e1, para al\u00e9m do investimento que tem sido feito e da aprova\u00e7\u00e3o de medidas contra o trabalho ilegal e a deporta\u00e7\u00e3o de criminosos de origem estrangeira mais rapidamente. <\/p>\n<p>Tudo insuficiente para a atual l\u00edder dos conservadores, <strong>Kemi Badenoch, que defende a constru\u00e7\u00e3o de \u201ccampos\u201d para acolher os migrantes, criticando a ideia de os albergar em hot\u00e9is.<\/strong> Milhares de pessoas t\u00eam protestado junto a estes estabelecimentos, depois de den\u00fancias de pelo menos dois casos de viola\u00e7\u00f5es de menores por parte de alegados migrantes. Tamb\u00e9m tem havido manifesta\u00e7\u00f5es a favor dos refugiados.<\/p>\n<p>Badenoch criticou ainda a decis\u00e3o de Starmer de rasgar o plano conservador de enviar os migrantes e requerentes de asilo para o Ruanda, enquanto esperavam uma decis\u00e3o das autoridades sobre o seu processo, alegando que falta uma pol\u00edtica de dissuas\u00e3o que os afaste das costas brit\u00e2nicas. E acusa o Governo de n\u00e3o ter um plano, j\u00e1 que a ideia de \u201cesmagar os gangues era s\u00f3 um slogan\u201d.<\/p>\n<p>Entretanto, a extrema-direita do Reform UK aproveita para atacar trabalhistas e conservadores, na expectativa de sair beneficiada. <strong>\u201cComo previ h\u00e1 5 anos, a menos que deportemos os imigrantes ilegais, a invas\u00e3o ser\u00e1 enorme. 50 mil desde que o nosso fraco primeiro-ministro assumiu o cargo e n\u00e3o h\u00e1 sinais de que isso v\u00e1 parar\u201d<\/strong>, escreveu o l\u00edder do partido, Nigel Farage, no X.  <\/p>\n","protected":false},"excerpt":{"rendered":"O Governo brit\u00e2nico confirmou esta ter\u00e7a-feira (12 de agosto) que mais de 50 mil migrantes j\u00e1 cruzaram ilegalmente&hellip;\n","protected":false},"author":2,"featured_media":27391,"comment_status":"","ping_status":"","sticky":false,"template":"","format":"standard","meta":{"footnotes":""},"categories":[50],"tags":[27,28,9365,306,15,16,14,9366,82,8269,25,26,21,22,62,12,13,19,20,23,24,713,17,18,29,30,31,63,64,65],"class_list":{"0":"post-27390","1":"post","2":"type-post","3":"status-publish","4":"format-standard","5":"has-post-thumbnail","7":"category-mundo","8":"tag-breaking-news","9":"tag-breakingnews","10":"tag-canal-da-mancha","11":"tag-edicao-impressa","12":"tag-featured-news","13":"tag-featurednews","14":"tag-headlines","15":"tag-imigracao-ilegal","16":"tag-internacional","17":"tag-keir-starmer","18":"tag-latest-news","19":"tag-latestnews","20":"tag-main-news","21":"tag-mainnews","22":"tag-mundo","23":"tag-news","24":"tag-noticias","25":"tag-noticias-principais","26":"tag-noticiasprincipais","27":"tag-principais-noticias","28":"tag-principaisnoticias","29":"tag-reino-unido","30":"tag-top-stories","31":"tag-topstories","32":"tag-ultimas","33":"tag-ultimas-noticias","34":"tag-ultimasnoticias","35":"tag-world","36":"tag-world-news","37":"tag-worldnews"},"share_on_mastodon":{"url":"","error":""},"_links":{"self":[{"href":"https:\/\/www.europesays.com\/pt\/wp-json\/wp\/v2\/posts\/27390","targetHints":{"allow":["GET"]}}],"collection":[{"href":"https:\/\/www.europesays.com\/pt\/wp-json\/wp\/v2\/posts"}],"about":[{"href":"https:\/\/www.europesays.com\/pt\/wp-json\/wp\/v2\/types\/post"}],"author":[{"embeddable":true,"href":"https:\/\/www.europesays.com\/pt\/wp-json\/wp\/v2\/users\/2"}],"replies":[{"embeddable":true,"href":"https:\/\/www.europesays.com\/pt\/wp-json\/wp\/v2\/comments?post=27390"}],"version-history":[{"count":0,"href":"https:\/\/www.europesays.com\/pt\/wp-json\/wp\/v2\/posts\/27390\/revisions"}],"wp:featuredmedia":[{"embeddable":true,"href":"https:\/\/www.europesays.com\/pt\/wp-json\/wp\/v2\/media\/27391"}],"wp:attachment":[{"href":"https:\/\/www.europesays.com\/pt\/wp-json\/wp\/v2\/media?parent=27390"}],"wp:term":[{"taxonomy":"category","embeddable":true,"href":"https:\/\/www.europesays.com\/pt\/wp-json\/wp\/v2\/categories?post=27390"},{"taxonomy":"post_tag","embeddable":true,"href":"https:\/\/www.europesays.com\/pt\/wp-json\/wp\/v2\/tags?post=27390"}],"curies":[{"name":"wp","href":"https:\/\/api.w.org\/{rel}","templated":true}]}}