{"id":274333,"date":"2026-02-18T06:17:07","date_gmt":"2026-02-18T06:17:07","guid":{"rendered":"https:\/\/www.europesays.com\/pt\/274333\/"},"modified":"2026-02-18T06:17:07","modified_gmt":"2026-02-18T06:17:07","slug":"a-redacao-apple-fara-evento-em-marco-que-pode-apresentar-iphone-17e-novo-ipad-e-macbook-de-baixo-custo","status":"publish","type":"post","link":"https:\/\/www.europesays.com\/pt\/274333\/","title":{"rendered":"A Reda\u00e7\u00e3o | Apple far\u00e1 evento em mar\u00e7o que pode apresentar iPhone 17e, novo iPad e MacBook de \u2018baixo custo\u2019"},"content":{"rendered":"<p><strong>S\u00e3o Paulo<\/strong> \u2013 A Apple realizar\u00e1 em 4 de mar\u00e7o um evento presencial em que pode apresentar novos produtos, dando in\u00edcio a uma ofensiva de lan\u00e7amentos no primeiro semestre de 2026. A empresa convidou a imprensa para encontros em Nova York, Xangai e Londres, em um formato descrito como \u201cExperience\u201d, indicando uma apresenta\u00e7\u00e3o mais discreta do que os tradicionais eventos em seu campus em Cupertino.<\/p>\n<p>A Apple prepara um \u201cblitz\u201d de lan\u00e7amentos de produtos nas pr\u00f3ximas semanas, com destaque para o iPhone 17e, novos iPads e uma linha renovada de Macs, diz a Bloomberg.<\/p>\n<p>O iPhone 17e, que substituir\u00e1 o 16e, deve manter o pre\u00e7o de US$ 599, mas trar\u00e1 o chip A19, o mesmo da linha iPhone 17, suporte a MagSafe e novos chips pr\u00f3prios de conectividade celular e wireless. A estrat\u00e9gia \u00e9 refor\u00e7ar a oferta em mercados emergentes e no segmento corporativo.<\/p>\n<p>A empresa tamb\u00e9m deve lan\u00e7ar um iPad de entrada com chip A18, passando a suportar pela primeira vez o Apple Intelligence, a intelig\u00eancia artificial (IA) da companhia, e um iPad Air com processador M4.<\/p>\n<p>A expectativa \u00e9 que as mudan\u00e7as se concentrem em desempenho, com poucas altera\u00e7\u00f5es de design. No caso do iPad mini, a principal novidade ser\u00e1 a ado\u00e7\u00e3o de tela OLED.<\/p>\n<p><strong>Computadores<\/strong><\/p>\n<p>No segmento de computadores, insiders apontam que est\u00e3o previstos novos MacBook Pro de 14 e 16 polegadas, MacBook Air com chip M5, atualiza\u00e7\u00f5es do Mac Studio e uma nova vers\u00e3o do Studio Display.<\/p>\n<p>A Apple ainda prepara um MacBook de baixo custo, com tela inferior a 13 polegadas e chip da classe do iPhone, para competir com laptops Windows mais acess\u00edveis e Chromebooks. N\u00e3o h\u00e1 confirma\u00e7\u00e3o, por\u00e9m, se a empresa deve lan\u00e7ar esses produtos no evento de mar\u00e7o.<\/p>\n<p>No campo de software, a companhia liberou na segunda-feira, 16, a vers\u00e3o beta do iOS 26.4 para desenvolvedores, com componentes de atualiza\u00e7\u00e3o da Siri. Em junho, a confer\u00eancia anual de desenvolvedores dever\u00e1 detalhar novos recursos.<\/p>\n<p>A ofensiva ocorre ap\u00f3s a Apple registrar recorde trimestral de vendas de iPhone no per\u00edodo de festas, com receita de US$ 85,3 bilh\u00f5es, alta de 23% na compara\u00e7\u00e3o anual, apesar de atrasos na entrega de recursos de IA. O lucro trimestral somou US$ 42,1 bilh\u00f5es, superando as estimativas do mercado. <strong>(Ag\u00eancia Estado)<\/strong><\/p>\n","protected":false},"excerpt":{"rendered":"S\u00e3o Paulo \u2013 A Apple realizar\u00e1 em 4 de mar\u00e7o um evento presencial em que pode apresentar novos&hellip;\n","protected":false},"author":2,"featured_media":274334,"comment_status":"","ping_status":"","sticky":false,"template":"","format":"standard","meta":{"footnotes":"","_share_on_mastodon":"0"},"categories":[84],"tags":[247,109,107,108,50279,26468,39919,32,33,105,103,104,106,110],"class_list":["post-274333","post","type-post","status-publish","format-standard","has-post-thumbnail","category-ciencia-e-tecnologia","tag-apple","tag-ciencia","tag-ciencia-e-tecnologia","tag-cienciaetecnologia","tag-iphonei","tag-macbook","tag-pad","tag-portugal","tag-pt","tag-science","tag-science-and-technology","tag-scienceandtechnology","tag-technology","tag-tecnologia"],"share_on_mastodon":{"url":"https:\/\/pubeurope.com\/@pt\/116090178342938263","error":""},"_links":{"self":[{"href":"https:\/\/www.europesays.com\/pt\/wp-json\/wp\/v2\/posts\/274333","targetHints":{"allow":["GET"]}}],"collection":[{"href":"https:\/\/www.europesays.com\/pt\/wp-json\/wp\/v2\/posts"}],"about":[{"href":"https:\/\/www.europesays.com\/pt\/wp-json\/wp\/v2\/types\/post"}],"author":[{"embeddable":true,"href":"https:\/\/www.europesays.com\/pt\/wp-json\/wp\/v2\/users\/2"}],"replies":[{"embeddable":true,"href":"https:\/\/www.europesays.com\/pt\/wp-json\/wp\/v2\/comments?post=274333"}],"version-history":[{"count":0,"href":"https:\/\/www.europesays.com\/pt\/wp-json\/wp\/v2\/posts\/274333\/revisions"}],"wp:featuredmedia":[{"embeddable":true,"href":"https:\/\/www.europesays.com\/pt\/wp-json\/wp\/v2\/media\/274334"}],"wp:attachment":[{"href":"https:\/\/www.europesays.com\/pt\/wp-json\/wp\/v2\/media?parent=274333"}],"wp:term":[{"taxonomy":"category","embeddable":true,"href":"https:\/\/www.europesays.com\/pt\/wp-json\/wp\/v2\/categories?post=274333"},{"taxonomy":"post_tag","embeddable":true,"href":"https:\/\/www.europesays.com\/pt\/wp-json\/wp\/v2\/tags?post=274333"}],"curies":[{"name":"wp","href":"https:\/\/api.w.org\/{rel}","templated":true}]}}