{"id":27441,"date":"2025-08-13T11:28:08","date_gmt":"2025-08-13T11:28:08","guid":{"rendered":"https:\/\/www.europesays.com\/pt\/27441\/"},"modified":"2025-08-13T11:28:08","modified_gmt":"2025-08-13T11:28:08","slug":"renda-de-500e-em-vias-de-aumentar-132e-ano-a-de-800e-mais-211e-ano-a-de-1000e-mais-264e-ano","status":"publish","type":"post","link":"https:\/\/www.europesays.com\/pt\/27441\/","title":{"rendered":"Renda de 500\u20ac em vias de aumentar 132\u20ac\/ano; a de 800\u20ac mais 211\u20ac\/ano; a de 1000\u20ac mais 264\u20ac\/ano"},"content":{"rendered":"<p>\t                Atualiza\u00e7\u00e3o aplica-se a todos os contratos que vigorem h\u00e1 mais de um ano e que n\u00e3o prevejam outro mecanismo de atualiza\u00e7\u00e3o de rendas<\/p>\n<p style=\"margin-bottom: 11px;\">Resumidamente \u00e9 assim:<\/p>\n<p>500 \u20ac \u2192 511,00 \u20ac (+11,00 \u20ac \/ m\u00eas, +132,00 \u20ac \/ ano)<br \/>600 \u20ac \u2192 613,20 \u20ac (+13,20 \u20ac \/ m\u00eas, +158,40 \u20ac \/ ano)<br \/>700 \u20ac \u2192 715,40 \u20ac (+15,40 \u20ac \/ m\u00eas, +184,80 \u20ac \/ ano)<br \/>800 \u20ac \u2192 817,60 \u20ac (+17,60 \u20ac \/ m\u00eas, +211,20 \u20ac \/ ano)<br \/>900 \u20ac \u2192 919,80 \u20ac (+19,80 \u20ac \/ m\u00eas, +237,60 \u20ac \/ ano)<br \/>1000 \u20ac \u2192 1022,00 \u20ac (+22,00 \u20ac \/ m\u00eas, +264,00 \u20ac \/ ano)<br \/>1500 \u20ac \u2192 1533,00 \u20ac (+33,00 \u20ac \/ m\u00eas, +396,00 \u20ac \/ ano)<\/p>\n<p style=\"margin-bottom: 11px;\">As rendas devem aumentar 2,2% em 2026, segundo os \u00faltimos dados da infla\u00e7\u00e3o, <a href=\"https:\/\/www.jornaldenegocios.pt\/economia\/conjuntura\/detalhe\/rendas-deverao-aumentar-ate-2-2-no-proximo-ano\" rel=\"nofollow noopener\" target=\"_blank\">escreve o Neg\u00f3cios<\/a>. O jornal ouviu economistas, que garantem que n\u00e3o devem existir altera\u00e7\u00f5es significativas a este valor.<\/p>\n<p>Isto porque o valor definitivo da infla\u00e7\u00e3o que serve de refer\u00eancia ao coeficiente de atualiza\u00e7\u00e3o anual de rendas s\u00f3 ser\u00e1 conhecido no final de agosto.<\/p>\n<p>Os dados do Instituto Nacional de Estat\u00edstica indicam que a infla\u00e7\u00e3o m\u00e9dia dos \u00faltimos 12 meses sem habita\u00e7\u00e3o fixou-se nos 2,16% em julho.<\/p>\n<p>Esta atualiza\u00e7\u00e3o deve aplicar-se a todos os contratos que vigorem h\u00e1 mais de um ano e que n\u00e3o prevejam outro mecanismo de atualiza\u00e7\u00e3o de rendas.<\/p>\n<p>Como a atualiza\u00e7\u00e3o n\u00e3o \u00e9 obrigat\u00f3ria, a palavra final cabe ao senhorio: no melhor cen\u00e1rio para o arrendat\u00e1rio, o senhorio pode decidir n\u00e3o subir nada.<\/p>\n<p>Se a renda for mesmo para atualizar, o senhorio tem de avisar o inquilino com pelo menos um m\u00eas de anteced\u00eancia do novo valor &#8211; por exemplo, atrav\u00e9s de uma carta registada com aviso de rece\u00e7\u00e3o.<\/p>\n","protected":false},"excerpt":{"rendered":"Atualiza\u00e7\u00e3o aplica-se a todos os contratos que vigorem h\u00e1 mais de um ano e que n\u00e3o prevejam outro&hellip;\n","protected":false},"author":2,"featured_media":27442,"comment_status":"","ping_status":"","sticky":false,"template":"","format":"standard","meta":{"footnotes":"","_share_on_mastodon":"0"},"categories":[83],"tags":[2837,609,836,611,9378,9376,1730,27,88,607,608,333,832,604,135,610,476,89,90,301,830,9375,603,570,831,833,62,834,13,835,602,52,32,33,4831,9377,29],"class_list":["post-27441","post","type-post","status-publish","format-standard","has-post-thumbnail","category-empresas","tag-2837","tag-alerta","tag-analise","tag-ao-minuto","tag-arrendamento","tag-arrendatarios","tag-atualizacao","tag-breaking-news","tag-business","tag-cnn","tag-cnn-portugal","tag-comentadores","tag-costa","tag-crime","tag-desporto","tag-direto","tag-economia","tag-economy","tag-empresas","tag-governo","tag-guerra","tag-inquilinos","tag-justica","tag-live","tag-mais-vistas","tag-marcelo","tag-mundo","tag-negocios","tag-noticias","tag-opiniao","tag-pais","tag-politica","tag-portugal","tag-pt","tag-rendas","tag-senhorios","tag-ultimas"],"share_on_mastodon":{"url":"","error":""},"_links":{"self":[{"href":"https:\/\/www.europesays.com\/pt\/wp-json\/wp\/v2\/posts\/27441","targetHints":{"allow":["GET"]}}],"collection":[{"href":"https:\/\/www.europesays.com\/pt\/wp-json\/wp\/v2\/posts"}],"about":[{"href":"https:\/\/www.europesays.com\/pt\/wp-json\/wp\/v2\/types\/post"}],"author":[{"embeddable":true,"href":"https:\/\/www.europesays.com\/pt\/wp-json\/wp\/v2\/users\/2"}],"replies":[{"embeddable":true,"href":"https:\/\/www.europesays.com\/pt\/wp-json\/wp\/v2\/comments?post=27441"}],"version-history":[{"count":0,"href":"https:\/\/www.europesays.com\/pt\/wp-json\/wp\/v2\/posts\/27441\/revisions"}],"wp:featuredmedia":[{"embeddable":true,"href":"https:\/\/www.europesays.com\/pt\/wp-json\/wp\/v2\/media\/27442"}],"wp:attachment":[{"href":"https:\/\/www.europesays.com\/pt\/wp-json\/wp\/v2\/media?parent=27441"}],"wp:term":[{"taxonomy":"category","embeddable":true,"href":"https:\/\/www.europesays.com\/pt\/wp-json\/wp\/v2\/categories?post=27441"},{"taxonomy":"post_tag","embeddable":true,"href":"https:\/\/www.europesays.com\/pt\/wp-json\/wp\/v2\/tags?post=27441"}],"curies":[{"name":"wp","href":"https:\/\/api.w.org\/{rel}","templated":true}]}}