{"id":27453,"date":"2025-08-13T11:35:07","date_gmt":"2025-08-13T11:35:07","guid":{"rendered":"https:\/\/www.europesays.com\/pt\/27453\/"},"modified":"2025-08-13T11:35:07","modified_gmt":"2025-08-13T11:35:07","slug":"vem-ai-em-a-protegida-o-momento-em-que-jd-descobre-que-carlota-e-sua-filha-novelas","status":"publish","type":"post","link":"https:\/\/www.europesays.com\/pt\/27453\/","title":{"rendered":"Vem a\u00ed em \u00abA Protegida\u00bb: O momento em que JD descobre que Carlota \u00e9 sua filha &#8211; Novelas"},"content":{"rendered":"<p>Em \u00abA Protegida\u00bb, <a href=\"https:\/\/tvi.iol.pt\/novelas\/videos\/a-protegida-gina-deixa-nuno-frustrado-com-revelacao-inesperada\/6839c1f90cf28cf887680b32\" rel=\"nofollow noopener\" target=\"_blank\">Gina (Paula Neves)<\/a>, com a beb\u00e9 ao colo, vai ter com <a href=\"https:\/\/tvi.iol.pt\/novelas\/ator\/jose-diogo\/67ac875bd34ef72ee4422589\" rel=\"nofollow noopener\" target=\"_blank\">Jos\u00e9 Diogo (Pedro Sousa)<\/a> e diz-lhe que n\u00e3o consegue continuar a fazer aquilo. Gina diz que a beb\u00e9 se chama Carlota e \u00e9 filha de <a href=\"https:\/\/tvi.iol.pt\/novelas\/ator\/mariana-vilalobos\/67ac80ecd34ef72ee44224fe\" rel=\"nofollow noopener\" target=\"_blank\">Mariana (Matilde Reym\u00e3o)<\/a>\u00a0e dele. JD fica em choque.<\/p>\n<p>Gina j\u00e1 contou a JD o que Mariana fez para o manter afastado da filha e ele est\u00e1 incr\u00e9dulo. Gina explica que ela j\u00e1 n\u00e3o \u00e9 a mesma pessoa e agora que \u00e9 m\u00e3e, tem medos irracionais. JD diz que jamais faria mal \u00e0 beb\u00e9 ou a Mariana e pega finalmente na filha, sabendo que \u00e9 mesmo sua filha.<\/p>\n<p>De relembrar que Jos\u00e9 Diogo tem tido uma grande liga\u00e7\u00e3o \u00e0 beb\u00e9, desde a primeira vez:<\/p>\n","protected":false},"excerpt":{"rendered":"Em \u00abA Protegida\u00bb, Gina (Paula Neves), com a beb\u00e9 ao colo, vai ter com Jos\u00e9 Diogo (Pedro Sousa)&hellip;\n","protected":false},"author":2,"featured_media":27454,"comment_status":"","ping_status":"","sticky":false,"template":"","format":"standard","meta":{"footnotes":""},"categories":[142],"tags":[168,160,2557,166,114,115,157,167,3120,2909,164,161,158,3119,165,159,32,33,156,163,151,162],"class_list":{"0":"post-27453","1":"post","2":"type-post","3":"status-publish","4":"format-standard","5":"has-post-thumbnail","7":"category-tv","8":"tag-a-protegida","9":"tag-ana-guiomar","10":"tag-bebe","11":"tag-cristina-ferreira","12":"tag-entertainment","13":"tag-entretenimento","14":"tag-festa-e-festa","15":"tag-ficcao","16":"tag-gina","17":"tag-jose-diogo","18":"tag-jose-fidalgo","19":"tag-novelas","20":"tag-para-sempre","21":"tag-paula-neves","22":"tag-pedro-sousa","23":"tag-pedro-teixeira","24":"tag-portugal","25":"tag-pt","26":"tag-queridos-papas","27":"tag-tiago-teotonio-pereira","28":"tag-tv","29":"tag-tvi"},"share_on_mastodon":{"url":"","error":""},"_links":{"self":[{"href":"https:\/\/www.europesays.com\/pt\/wp-json\/wp\/v2\/posts\/27453","targetHints":{"allow":["GET"]}}],"collection":[{"href":"https:\/\/www.europesays.com\/pt\/wp-json\/wp\/v2\/posts"}],"about":[{"href":"https:\/\/www.europesays.com\/pt\/wp-json\/wp\/v2\/types\/post"}],"author":[{"embeddable":true,"href":"https:\/\/www.europesays.com\/pt\/wp-json\/wp\/v2\/users\/2"}],"replies":[{"embeddable":true,"href":"https:\/\/www.europesays.com\/pt\/wp-json\/wp\/v2\/comments?post=27453"}],"version-history":[{"count":0,"href":"https:\/\/www.europesays.com\/pt\/wp-json\/wp\/v2\/posts\/27453\/revisions"}],"wp:featuredmedia":[{"embeddable":true,"href":"https:\/\/www.europesays.com\/pt\/wp-json\/wp\/v2\/media\/27454"}],"wp:attachment":[{"href":"https:\/\/www.europesays.com\/pt\/wp-json\/wp\/v2\/media?parent=27453"}],"wp:term":[{"taxonomy":"category","embeddable":true,"href":"https:\/\/www.europesays.com\/pt\/wp-json\/wp\/v2\/categories?post=27453"},{"taxonomy":"post_tag","embeddable":true,"href":"https:\/\/www.europesays.com\/pt\/wp-json\/wp\/v2\/tags?post=27453"}],"curies":[{"name":"wp","href":"https:\/\/api.w.org\/{rel}","templated":true}]}}