{"id":274633,"date":"2026-02-18T11:59:22","date_gmt":"2026-02-18T11:59:22","guid":{"rendered":"https:\/\/www.europesays.com\/pt\/274633\/"},"modified":"2026-02-18T11:59:22","modified_gmt":"2026-02-18T11:59:22","slug":"grok-chega-aos-carros-da-tesla-na-europa-e-traz-consigo-varios-modos-para-adultos","status":"publish","type":"post","link":"https:\/\/www.europesays.com\/pt\/274633\/","title":{"rendered":"Grok chega aos carros da Tesla na Europa! E traz consigo v\u00e1rios modos para adultos"},"content":{"rendered":"<p>A Tesla iniciou a integra\u00e7\u00e3o do Grok, o sistema de intelig\u00eancia artificial (IA) desenvolvido pela xAI, nos seus ve\u00edculos dispon\u00edveis no mercado europeu. Esta atualiza\u00e7\u00e3o gratuita visa substituir as funcionalidades de voz tradicionais por um assistente com personalidade pr\u00f3pria e capacidades avan\u00e7adas.<\/p>\n<p style=\"text-align: center;\"><a target=\"_blank\" href=\"https:\/\/pplware.sapo.pt\/wp-content\/uploads\/2026\/02\/tesla.webp\" rel=\"nofollow noopener\"><img fetchpriority=\"high\" decoding=\"async\" src=\"https:\/\/www.europesays.com\/pt\/wp-content\/uploads\/2026\/02\/tesla-1024x576.webp.webp\" alt=\"\" width=\"720\" height=\"405\" class=\"alignnone size-large wp-image-1104055\"  \/><\/a><\/p>\n<p>A integra\u00e7\u00e3o do Grok na frota europeia<\/p>\n<p>A fabricante liderada por Elon Musk mant\u00e9m a sua estrat\u00e9gia de privilegiar o software propriet\u00e1rio, continuando a excluir sistemas como o Android Auto ou o Apple CarPlay das suas interfaces. O Grok surge, assim, como o &#8220;copiloto&#8221; oficial dos ve\u00edculos Tesla. O utilizador pode configurar tanto a voz como a personalidade do assistente, <strong>de forma semelhante ao que j\u00e1 acontece na aplica\u00e7\u00e3o<\/strong>.<\/p>\n<p>A ativa\u00e7\u00e3o \u00e9 simples, podendo ser efetuada atrav\u00e9s do lan\u00e7ador de aplica\u00e7\u00f5es ou premindo o bot\u00e3o de voz localizado no volante. Ap\u00f3s o in\u00edcio de sess\u00e3o, <strong>o Grok assume as fun\u00e7\u00f5es de assistente predefinido do autom\u00f3vel<\/strong>.<\/p>\n<p>As capacidades deste sistema s\u00e3o abrangentes, indo muito al\u00e9m da navega\u00e7\u00e3o convencional. O Grok pode guiar o condutor at\u00e9 um destino, localizar o Supercharger mais pr\u00f3ximo <strong>ou consultar o manual digital do ve\u00edculo para esclarecer d\u00favidas t\u00e9cnicas<\/strong>.<\/p>\n<p>No entanto, o seu diferencial reside na intera\u00e7\u00e3o social: o sistema pode atuar como professor de idiomas ou entreter os mais novos com modos dedicados, como a &#8220;Hora do conto&#8221; e jogos de perguntas. Surpreendentemente, inclui tamb\u00e9m modos para adultos, <strong>com perfis que variam entre o &#8220;pol\u00e9mico&#8221;, o &#8220;extravagante&#8221; e o &#8220;provocador&#8221;<\/strong>.<\/p>\n<p style=\"text-align: center;\"><a target=\"_blank\" href=\"https:\/\/pplware.sapo.pt\/wp-content\/uploads\/2025\/10\/tesla_resultados.jpg\" onclick=\"refreshIframe()\" class=\"foobox\" rel=\"nofollow noopener\"><img loading=\"lazy\" decoding=\"async\" src=\"https:\/\/www.europesays.com\/pt\/wp-content\/uploads\/2026\/01\/tesla_resultados-1024x576.jpg\" alt=\"\" width=\"720\" height=\"405\" class=\"alignnone size-large wp-image-1081539\"  \/><\/a><\/p>\n<p>Requisitos t\u00e9cnicos para a utiliza\u00e7\u00e3o nos modelos Tesla<\/p>\n<p>A disponibilidade desta ferramenta est\u00e1 condicionada ao hardware e software do ve\u00edculo. Atualmente, os modelos compat\u00edveis s\u00e3o o Tesla Model S, Model 3, Model X, Model Y e a Cybertruck. Para que o sistema funcione, o autom\u00f3vel deve estar equipado com um processador AMD <strong>e ter instalada a vers\u00e3o de software 2025.26 ou posterior<\/strong>.<\/p>\n<p>Adicionalmente, \u00e9 necess\u00e1ria uma liga\u00e7\u00e3o Wi-Fi ativa ou a subscri\u00e7\u00e3o do pacote de <a target=\"_blank\" href=\"https:\/\/www.tesla.com\/pt_pt\/support\/connectivity\" rel=\"nofollow noopener\">Conetividade<\/a> Premium da marca. Os propriet\u00e1rios podem verificar o tipo de processador do seu ve\u00edculo acedendo ao menu &#8220;Controlos&#8221; &gt; &#8220;Software&#8221; &gt; &#8220;Informa\u00e7\u00e3o adicional do ve\u00edculo&#8221;.<\/p>\n<p>Apesar do seu potencial tecnol\u00f3gico, o Grok est\u00e1 sob forte escrut\u00ednio devido ao uso indevido da sua tecnologia na cria\u00e7\u00e3o de conte\u00fados degradantes, <strong>especificamente relacionados com o desnudamento n\u00e3o consensual de mulheres atrav\u00e9s de IA<\/strong>.<\/p>\n<p>Neste cen\u00e1rio de controv\u00e9rsia \u00e9tica, a introdu\u00e7\u00e3o de um assistente com &#8220;modo para adultos&#8221; num ambiente familiar, como \u00e9 o interior de um autom\u00f3vel, <strong>gera um debate pertinente sobre a seguran\u00e7a e a responsabilidade algor\u00edtmica<\/strong>.<\/p>\n<p>\u00a0<\/p>\n<p><strong>Leia tamb\u00e9m:<\/strong><\/p>\n","protected":false},"excerpt":{"rendered":"A Tesla iniciou a integra\u00e7\u00e3o do Grok, o sistema de intelig\u00eancia artificial (IA) desenvolvido pela xAI, nos seus&hellip;\n","protected":false},"author":2,"featured_media":274634,"comment_status":"","ping_status":"","sticky":false,"template":"","format":"standard","meta":{"footnotes":"","_share_on_mastodon":"0"},"categories":[83],"tags":[88,89,90,6553,32,33,296],"class_list":["post-274633","post","type-post","status-publish","format-standard","has-post-thumbnail","category-empresas","tag-business","tag-economy","tag-empresas","tag-grok","tag-portugal","tag-pt","tag-tesla"],"share_on_mastodon":{"url":"https:\/\/pubeurope.com\/@pt\/116091523122444113","error":""},"_links":{"self":[{"href":"https:\/\/www.europesays.com\/pt\/wp-json\/wp\/v2\/posts\/274633","targetHints":{"allow":["GET"]}}],"collection":[{"href":"https:\/\/www.europesays.com\/pt\/wp-json\/wp\/v2\/posts"}],"about":[{"href":"https:\/\/www.europesays.com\/pt\/wp-json\/wp\/v2\/types\/post"}],"author":[{"embeddable":true,"href":"https:\/\/www.europesays.com\/pt\/wp-json\/wp\/v2\/users\/2"}],"replies":[{"embeddable":true,"href":"https:\/\/www.europesays.com\/pt\/wp-json\/wp\/v2\/comments?post=274633"}],"version-history":[{"count":0,"href":"https:\/\/www.europesays.com\/pt\/wp-json\/wp\/v2\/posts\/274633\/revisions"}],"wp:featuredmedia":[{"embeddable":true,"href":"https:\/\/www.europesays.com\/pt\/wp-json\/wp\/v2\/media\/274634"}],"wp:attachment":[{"href":"https:\/\/www.europesays.com\/pt\/wp-json\/wp\/v2\/media?parent=274633"}],"wp:term":[{"taxonomy":"category","embeddable":true,"href":"https:\/\/www.europesays.com\/pt\/wp-json\/wp\/v2\/categories?post=274633"},{"taxonomy":"post_tag","embeddable":true,"href":"https:\/\/www.europesays.com\/pt\/wp-json\/wp\/v2\/tags?post=274633"}],"curies":[{"name":"wp","href":"https:\/\/api.w.org\/{rel}","templated":true}]}}