{"id":27483,"date":"2025-08-13T11:58:09","date_gmt":"2025-08-13T11:58:09","guid":{"rendered":"https:\/\/www.europesays.com\/pt\/27483\/"},"modified":"2025-08-13T11:58:09","modified_gmt":"2025-08-13T11:58:09","slug":"moreira-recebe-incentivos-para-avancar-mas-quer-sondagens-antes-de-decidir-eleicoes-presidenciais","status":"publish","type":"post","link":"https:\/\/www.europesays.com\/pt\/27483\/","title":{"rendered":"Moreira recebe incentivos para avan\u00e7ar, mas quer sondagens antes de decidir | Elei\u00e7\u00f5es presidenciais"},"content":{"rendered":"<p>Desde que, a 22 de Julho, anunciou que iria <a href=\"https:\/\/www.publico.pt\/2025\/07\/22\/politica\/noticia\/rui-moreira-pondera-candidatura-belem-ate-setembro-2141387\" rel=\"nofollow noopener\" target=\"_blank\">\u201cponderar\u201d uma poss\u00edvel candidatura<\/a> presidencial, Rui Moreira tem sentido crescente press\u00e3o para entrar na corrida \u00e0 sucess\u00e3o de Marcelo Rebelo de Sousa. Segundo o <a href=\"https:\/\/observador.pt\/especiais\/moreira-recebe-incentivos-para-avancar-fator-regional-pesa-na-primeira-volta\/\" rel=\"nofollow noopener\" target=\"_blank\">Observador<\/a>, o ainda presidente da C\u00e2mara do Porto, que termina este ano o seu \u00faltimo mandato, tem recebido sinais claros de apoio de quem, ao longo das tr\u00eas campanhas aut\u00e1rquicas, o sustentou financeiramente. Essa rede poder\u00e1 ser decisiva, at\u00e9 porque, como admite um dos seus pr\u00f3ximos ao Observador, \u201cningu\u00e9m quer ficar com d\u00edvidas milion\u00e1rias para pagar\u201d.<\/p>\n<p>Por\u00e9m, como o pr\u00f3prio j\u00e1 tinha afirmado, a decis\u00e3o s\u00f3 dever\u00e1 ser conhecida em Setembro ap\u00f3s de avaliar as suas hip\u00f3teses de vit\u00f3ria nos estudos de opini\u00e3o que est\u00e3o a ser preparados. \u201cNaturalmente, n\u00e3o ser\u00e1 indiferente para Moreira abra\u00e7ar este desafio com sondagens minimais ou com perspectivas mais animadoras\u201d, resume um dos conselheiros citado pelo mesmo jornal.<\/p>\n<p>Em Abril, Rui Moreira, numa entrevista \u00e0 Antena 1, dizia n\u00e3o se ver \u201c<a href=\"https:\/\/www.rtp.pt\/noticias\/politica\/nao-me-julgo-talhado-para-essa-missao-tera-rui-moreira-mudado-de-ideias-sobre-belem_n1670882\" rel=\"nofollow noopener\" target=\"_blank\">talhado<\/a>\u201d para o cargo: \u201cAcho que o cargo de Presidente da Rep\u00fablica j\u00e1 tem bastantes candidatos, incluindo pessoas com grande dimens\u00e3o.\u201d No entanto, a quebra recente de <a href=\"https:\/\/www.publico.pt\/2025\/05\/29\/politica\/noticia\/gouveia-melo-apresentase-candidato-precisamos-presidente-diferente-2134834\" rel=\"nofollow noopener\" target=\"_blank\">Henrique Gouveia e Melo<\/a> nas sondagens e a fragmenta\u00e7\u00e3o da direita reabriram o cen\u00e1rio.<\/p>\n<p>        &#13;<\/p>\n<p>&#13;<br \/>\n                &#13;\n            <\/p>\n<p>&#13;<\/p>\n<p>Al\u00e9m disso, <a href=\"https:\/\/www.publico.pt\/2025\/05\/31\/politica\/noticia\/exlider-psd-rui-rio-mandatario-candidatura-gouveia-melo-belem-2135127\" rel=\"nofollow noopener\" target=\"_blank\">o<\/a><a href=\"https:\/\/www.publico.pt\/2025\/05\/31\/politica\/noticia\/exlider-psd-rui-rio-mandatario-candidatura-gouveia-melo-belem-2135127\" rel=\"nofollow noopener\" target=\"_blank\"> envolvimento do ex-l\u00edder do PSD<\/a>, Rui Rio, na campanha do almirante \u00e9 visto como \u201cactivo t\u00f3xico\u201d para Gouveia e Melo e como mais um motivo para Moreira marcar dist\u00e2ncia: \u201cOnde um estiver envolvido, o outro ser\u00e1 oposi\u00e7\u00e3o.\u201d<\/p>\n<p>Agora, a quest\u00e3o central \u00e9 a possibilidade de passagem \u00e0 segunda volta. Mesmo admitindo que Henrique Gouveia e Melo possa liderar a primeira, a inc\u00f3gnita est\u00e1 em saber quem ter\u00e1 capacidade para o enfrentar no segundo turno. A dispers\u00e3o de candidaturas adensa a incerteza, mas Moreira conta com um trunfo: a popularidade no Norte.<\/p>\n<p>O seu n\u00facleo de apoiantes acredita na \u201ctransversalidade eleitoral\u201d do autarca. Posicionado no centro-direita, \u00e9 visto como capaz de captar eleitores liberais, conservadores e at\u00e9 uma franja da esquerda, devido ao papel que teve na dinamiza\u00e7\u00e3o cultural da cidade.<\/p>\n<p>Por\u00e9m, potenciais advers\u00e1rios desvalorizam a hip\u00f3tese de candidatura, classificando-a como um bluff. Na perspectiva de Moreira, ainda \u00e9 poss\u00edvel disputar votos ao almirante, conquistar sectores do PSD e CDS pouco alinhados com Marques Mendes, segurar parte do eleitorado do Chega e disputar terreno com Jo\u00e3o Cotrim de Figueiredo, que j\u00e1 se assumiu <a href=\"https:\/\/www.publico.pt\/2025\/07\/19\/politica\/noticia\/nao-decidiu-cotrim-figueiredo-disponivel-candidatura-belem-2141004\" rel=\"nofollow noopener\" target=\"_blank\">dispon\u00edvel<\/a> para entrar na corrida.<\/p>\n","protected":false},"excerpt":{"rendered":"Desde que, a 22 de Julho, anunciou que iria \u201cponderar\u201d uma poss\u00edvel candidatura presidencial, Rui Moreira tem sentido&hellip;\n","protected":false},"author":2,"featured_media":27484,"comment_status":"","ping_status":"","sticky":false,"template":"","format":"standard","meta":{"footnotes":""},"categories":[10],"tags":[27,28,1705,15,16,14,25,26,21,22,12,13,19,20,52,32,1963,23,24,4579,33,4070,4862,17,18,29,30,31],"class_list":{"0":"post-27483","1":"post","2":"type-post","3":"status-publish","4":"format-standard","5":"has-post-thumbnail","7":"category-portugal","8":"tag-breaking-news","9":"tag-breakingnews","10":"tag-eleicoes-presidenciais","11":"tag-featured-news","12":"tag-featurednews","13":"tag-headlines","14":"tag-latest-news","15":"tag-latestnews","16":"tag-main-news","17":"tag-mainnews","18":"tag-news","19":"tag-noticias","20":"tag-noticias-principais","21":"tag-noticiasprincipais","22":"tag-politica","23":"tag-portugal","24":"tag-presidente-da-republica","25":"tag-principais-noticias","26":"tag-principaisnoticias","27":"tag-psd","28":"tag-pt","29":"tag-rui-moreira","30":"tag-sondagem","31":"tag-top-stories","32":"tag-topstories","33":"tag-ultimas","34":"tag-ultimas-noticias","35":"tag-ultimasnoticias"},"share_on_mastodon":{"url":"","error":""},"_links":{"self":[{"href":"https:\/\/www.europesays.com\/pt\/wp-json\/wp\/v2\/posts\/27483","targetHints":{"allow":["GET"]}}],"collection":[{"href":"https:\/\/www.europesays.com\/pt\/wp-json\/wp\/v2\/posts"}],"about":[{"href":"https:\/\/www.europesays.com\/pt\/wp-json\/wp\/v2\/types\/post"}],"author":[{"embeddable":true,"href":"https:\/\/www.europesays.com\/pt\/wp-json\/wp\/v2\/users\/2"}],"replies":[{"embeddable":true,"href":"https:\/\/www.europesays.com\/pt\/wp-json\/wp\/v2\/comments?post=27483"}],"version-history":[{"count":0,"href":"https:\/\/www.europesays.com\/pt\/wp-json\/wp\/v2\/posts\/27483\/revisions"}],"wp:featuredmedia":[{"embeddable":true,"href":"https:\/\/www.europesays.com\/pt\/wp-json\/wp\/v2\/media\/27484"}],"wp:attachment":[{"href":"https:\/\/www.europesays.com\/pt\/wp-json\/wp\/v2\/media?parent=27483"}],"wp:term":[{"taxonomy":"category","embeddable":true,"href":"https:\/\/www.europesays.com\/pt\/wp-json\/wp\/v2\/categories?post=27483"},{"taxonomy":"post_tag","embeddable":true,"href":"https:\/\/www.europesays.com\/pt\/wp-json\/wp\/v2\/tags?post=27483"}],"curies":[{"name":"wp","href":"https:\/\/api.w.org\/{rel}","templated":true}]}}