{"id":274934,"date":"2026-02-18T17:37:08","date_gmt":"2026-02-18T17:37:08","guid":{"rendered":"https:\/\/www.europesays.com\/pt\/274934\/"},"modified":"2026-02-18T17:37:08","modified_gmt":"2026-02-18T17:37:08","slug":"como-patrick-drahi-esta-a-dar-a-volta-a-quem-lhe-emprestou-dinheiro-para-um-imperio-chamado-altice-telecomunicacoes","status":"publish","type":"post","link":"https:\/\/www.europesays.com\/pt\/274934\/","title":{"rendered":"Como Patrick Drahi est\u00e1 a dar a volta a quem lhe emprestou dinheiro para um imp\u00e9rio chamado Altice &#8211; Telecomunica\u00e7\u00f5es"},"content":{"rendered":"<p class=\"\">&#13;<br \/>\n        Fran\u00e7a, Israel, Reino Unido, Luxemburgo e Portugal. Estas s\u00e3o apenas<b> algumas das geografias<\/b> em que Patrick Drahi tem feito movimenta\u00e7\u00f5es, mais especificamente vendas de ativos que est\u00e3o debaixo do grande imp\u00e9rio que construiu, a Altice. \u00c9 preciso recuar at\u00e9 2019 para come\u00e7ar a assistir ao corrupio de movimentos que o fundador do grupo de telecomunica\u00e7\u00f5es iniciou, j\u00e1 depois da opera\u00e7\u00e3o Picoas rebentar, e que se tem intensificado.&#13;\n    <\/p>\n","protected":false},"excerpt":{"rendered":"&#13; Fran\u00e7a, Israel, Reino Unido, Luxemburgo e Portugal. Estas s\u00e3o apenas algumas das geografias em que Patrick Drahi&hellip;\n","protected":false},"author":2,"featured_media":274935,"comment_status":"","ping_status":"","sticky":false,"template":"","format":"standard","meta":{"footnotes":"","_share_on_mastodon":"0"},"categories":[83],"tags":[50369,50367,50365,88,50366,50363,89,2384,90,208,259,50370,50364,6984,16648,50361,32,33,50368,50362,17361],"class_list":["post-274934","post","type-post","status-publish","format-standard","has-post-thumbnail","category-empresas","tag-anchorage-capital","tag-bezeq","tag-bouygues-telecom","tag-business","tag-cma-cgm","tag-delek","tag-economy","tag-empresa","tag-empresas","tag-franca","tag-israel","tag-la-provence","tag-la-tribune","tag-luxemburgo","tag-milhoes","tag-patrick-drahi","tag-portugal","tag-pt","tag-sculptor-capital-management","tag-sfr","tag-vodafone"],"share_on_mastodon":{"url":"https:\/\/pubeurope.com\/@pt\/116092852208481659","error":""},"_links":{"self":[{"href":"https:\/\/www.europesays.com\/pt\/wp-json\/wp\/v2\/posts\/274934","targetHints":{"allow":["GET"]}}],"collection":[{"href":"https:\/\/www.europesays.com\/pt\/wp-json\/wp\/v2\/posts"}],"about":[{"href":"https:\/\/www.europesays.com\/pt\/wp-json\/wp\/v2\/types\/post"}],"author":[{"embeddable":true,"href":"https:\/\/www.europesays.com\/pt\/wp-json\/wp\/v2\/users\/2"}],"replies":[{"embeddable":true,"href":"https:\/\/www.europesays.com\/pt\/wp-json\/wp\/v2\/comments?post=274934"}],"version-history":[{"count":0,"href":"https:\/\/www.europesays.com\/pt\/wp-json\/wp\/v2\/posts\/274934\/revisions"}],"wp:featuredmedia":[{"embeddable":true,"href":"https:\/\/www.europesays.com\/pt\/wp-json\/wp\/v2\/media\/274935"}],"wp:attachment":[{"href":"https:\/\/www.europesays.com\/pt\/wp-json\/wp\/v2\/media?parent=274934"}],"wp:term":[{"taxonomy":"category","embeddable":true,"href":"https:\/\/www.europesays.com\/pt\/wp-json\/wp\/v2\/categories?post=274934"},{"taxonomy":"post_tag","embeddable":true,"href":"https:\/\/www.europesays.com\/pt\/wp-json\/wp\/v2\/tags?post=274934"}],"curies":[{"name":"wp","href":"https:\/\/api.w.org\/{rel}","templated":true}]}}