{"id":274987,"date":"2026-02-18T18:21:15","date_gmt":"2026-02-18T18:21:15","guid":{"rendered":"https:\/\/www.europesays.com\/pt\/274987\/"},"modified":"2026-02-18T18:21:15","modified_gmt":"2026-02-18T18:21:15","slug":"mau-tempo-papagaios-do-mar-mortos-na-costa-portuguesa-ja-sao-mais-de-mil-aves","status":"publish","type":"post","link":"https:\/\/www.europesays.com\/pt\/274987\/","title":{"rendered":"Mau tempo: Papagaios-do-mar mortos na costa portuguesa j\u00e1 s\u00e3o mais de mil | Aves"},"content":{"rendered":"<p>\u201cContinuam a chegar-nos registos de papagaios-do-mar que deram \u00e0 costa mortos, na sequ\u00eancia das tempestades das \u00faltimas semanas: s\u00e3o j\u00e1 mais de 1000 casos contabilizados \u2014 o n\u00famero real \u00e9 provavelmente muito maior\u201d, alerta a Sociedade Portuguesa para o Estudo das Aves (SPEA), numa publica\u00e7\u00e3o feita nas suas redes sociais.<\/p>\n<p>Os concelhos com mais arrojamentos registados s\u00e3o Peniche e P\u00f3voa do Varzim, adiantam. Muitos arrojamentos tamb\u00e9m foram registados em Vagos, Mira, Esposende e Vila Nova de Gaia. Todos os cidad\u00e3os s\u00e3o chamados para ajudar a contabilizar este fen\u00f3meno.<\/p>\n<p>H\u00e1 menos de uma semana a <a href=\"https:\/\/spea.pt\/\" target=\"_blank\" rel=\"nofollow noopener\">SPEA<\/a> lan\u00e7ou o <a href=\"https:\/\/www.publico.pt\/2026\/02\/12\/azul\/noticia\/mau-tempo-400-papagaiosdomar-encontrados-mortos-costa-portuguesa-2164573\" target=\"_blank\" rel=\"nofollow noopener\">primeiro alerta<\/a>. Eram j\u00e1 mais de 400 papagaios-do-mar mortos encontrados em v\u00e1rias praias de Portugal. Nessa altura, a SPEA BirdLife, que est\u00e1 monitorizar estes arrojamentos, j\u00e1 avisava que o n\u00famero real de aves v\u00edtimas do mau tempo devia ser bastante mais elevado. Poucos dias depois, j\u00e1 s\u00e3o mais de mil.<\/p>\n<p>                &#13;<br \/>\n                    &#13;<br \/>\n                    &#13;<br \/>\n                        H\u00e1 mais registos nos norte, mas os arrojamentos est\u00e3o a ser registados em toda a costa portuguesa&#13;<br \/>\nSPEA                    &#13;<\/p>\n<p>Segundo o mapa de ocorr\u00eancias divulgado pela SPEA, o maior n\u00famero de aves mortas est\u00e1 sinalizado na costa Norte, mas o fen\u00f3meno estende-se por toda a costa portuguesa, e tamb\u00e9m nos A\u00e7ores. E n\u00e3o se limitam aos papagaios-do-mar: incluem tamb\u00e9m gaivotas e alcatrazes, por exemplo.<\/p>\n<p>&#8220;No caso dos papagaios-do-mar, se as aves tiverem dificuldade em alimentar-se durante per\u00edodos prolongados, podem ver a sua condi\u00e7\u00e3o f\u00edsica deteriorar-se, acabando por arrojar j\u00e1 muito exaustos e com fraca condi\u00e7\u00e3o f\u00edsica. Por isso, muitos acabam por morrer, mesmo depois de resgatados, pois j\u00e1 est\u00e3o muito fracos&#8221; explicava Hany Alonso, t\u00e9cnico s\u00e9nior de Ci\u00eancia na SPEA, num comunicado de imprensa divulgado na passada quinta-feira.<\/p>\n<p>                &#13;<br \/>\n                    &#13;<br \/>\n                    &#13;<br \/>\n                        &#13;<br \/>\nSPEA\/ S\u00f3nia Passos                    &#13;<\/p>\n<p>&#8220;Estas situa\u00e7\u00f5es tender\u00e3o, provavelmente, a tornar-se mais frequentes na costa portuguesa, com as altera\u00e7\u00f5es clim\u00e1ticas a causar cada vez mais tempestades&#8221;.<\/p>\n<p>Nos dois alertas feitos com um intervalo breve de poucos dias, repete-se o mesmo apelo \u00e0 popula\u00e7\u00e3o. A SPEA apela a que os cidad\u00e3os registem as aves que virem arrojadas na plataforma <a href=\"https:\/\/icao.seo.org\/pt\" target=\"_blank\" rel=\"nofollow noopener\">ICAO<\/a> (dispon\u00edvel online e como app) que \u00e9 um programa de monitoriza\u00e7\u00e3o iniciado pelo Grupo de Trabalho com Aves Marinhas (GTAM) da SEO\/BirdLife na d\u00e9cada de 1980. O programa &#8220;serve como uma ferramenta para avaliar o estado ambiental dos oceanos, bem como para detectar e compreender as diferentes causas de mortalidade que afectam as aves marinhas, mas tamb\u00e9m mam\u00edferos, tartarugas e outra fauna marinha&#8221;.<\/p>\n<p>A ajuda dos cidad\u00e3os pode fornecer \u201cdados valiosos que nos ajudam a identificar as esp\u00e9cies afectadas, estimar n\u00fameros e perceber qual o impacto nas popula\u00e7\u00f5es\u201d, explica a SPEA.<\/p>\n<p>O fen\u00f3meno n\u00e3o \u00e9 in\u00e9dito. No Inverno de 2022\/23, Portugal contabilizou mais de 1700 papagaios-do-mar arrojados na costa em apenas duas semanas, tamb\u00e9m na sequ\u00eancia de tempestades que impedem estas aves de se alimentar, com vento e mar\u00e9s fortes que acabam por as derrotar e as levar, mortas, at\u00e9 aos areais. Em Dezembro de 2022 e Janeiro de 2023, v\u00e1rias dezenas de <a href=\"https:\/\/www.publico.pt\/2022\/12\/10\/azul\/noticia\/dezenas-aves-mortas-deram-costa-peniche-matou-2030842\" target=\"_blank\" rel=\"nofollow noopener\">tordas-mergulheiras<\/a> e <a href=\"https:\/\/www.publico.pt\/2023\/01\/18\/azul\/noticia\/ha-dezenas-papagaiosdomar-dar-costa-pais-mau-tempo-parece-causa-2035387\" target=\"_blank\" rel=\"nofollow noopener\">papagaios-do-mar<\/a>, aves que frequentam a nossa costa no Inverno, tamb\u00e9m apareceram mortos nos areais.<\/p>\n","protected":false},"excerpt":{"rendered":"\u201cContinuam a chegar-nos registos de papagaios-do-mar que deram \u00e0 costa mortos, na sequ\u00eancia das tempestades das \u00faltimas semanas:&hellip;\n","protected":false},"author":2,"featured_media":274988,"comment_status":"","ping_status":"","sticky":false,"template":"","format":"standard","meta":{"footnotes":"","_share_on_mastodon":"0"},"categories":[10],"tags":[964,3699,785,2780,27,28,3697,15,16,14,25,26,21,22,8532,12,13,19,20,32,23,24,33,20982,17,18,29,30,31],"class_list":["post-274987","post","type-post","status-publish","format-standard","has-post-thumbnail","category-portugal","tag-ambiente","tag-aves","tag-azul","tag-biodiversidade","tag-breaking-news","tag-breakingnews","tag-conservacao-da-natureza","tag-featured-news","tag-featurednews","tag-headlines","tag-latest-news","tag-latestnews","tag-main-news","tag-mainnews","tag-mau-tempo","tag-news","tag-noticias","tag-noticias-principais","tag-noticiasprincipais","tag-portugal","tag-principais-noticias","tag-principaisnoticias","tag-pt","tag-tempestade","tag-top-stories","tag-topstories","tag-ultimas","tag-ultimas-noticias","tag-ultimasnoticias"],"share_on_mastodon":{"url":"https:\/\/pubeurope.com\/@pt\/116093025343842810","error":""},"_links":{"self":[{"href":"https:\/\/www.europesays.com\/pt\/wp-json\/wp\/v2\/posts\/274987","targetHints":{"allow":["GET"]}}],"collection":[{"href":"https:\/\/www.europesays.com\/pt\/wp-json\/wp\/v2\/posts"}],"about":[{"href":"https:\/\/www.europesays.com\/pt\/wp-json\/wp\/v2\/types\/post"}],"author":[{"embeddable":true,"href":"https:\/\/www.europesays.com\/pt\/wp-json\/wp\/v2\/users\/2"}],"replies":[{"embeddable":true,"href":"https:\/\/www.europesays.com\/pt\/wp-json\/wp\/v2\/comments?post=274987"}],"version-history":[{"count":0,"href":"https:\/\/www.europesays.com\/pt\/wp-json\/wp\/v2\/posts\/274987\/revisions"}],"wp:featuredmedia":[{"embeddable":true,"href":"https:\/\/www.europesays.com\/pt\/wp-json\/wp\/v2\/media\/274988"}],"wp:attachment":[{"href":"https:\/\/www.europesays.com\/pt\/wp-json\/wp\/v2\/media?parent=274987"}],"wp:term":[{"taxonomy":"category","embeddable":true,"href":"https:\/\/www.europesays.com\/pt\/wp-json\/wp\/v2\/categories?post=274987"},{"taxonomy":"post_tag","embeddable":true,"href":"https:\/\/www.europesays.com\/pt\/wp-json\/wp\/v2\/tags?post=274987"}],"curies":[{"name":"wp","href":"https:\/\/api.w.org\/{rel}","templated":true}]}}