{"id":275100,"date":"2026-02-18T20:39:10","date_gmt":"2026-02-18T20:39:10","guid":{"rendered":"https:\/\/www.europesays.com\/pt\/275100\/"},"modified":"2026-02-18T20:39:10","modified_gmt":"2026-02-18T20:39:10","slug":"falta-de-pecas-deixa-autoeuropa-com-t-roc-por-finalizar-automovel","status":"publish","type":"post","link":"https:\/\/www.europesays.com\/pt\/275100\/","title":{"rendered":"Falta de pe\u00e7as deixa Autoeuropa com T-Roc por finalizar &#8211; Autom\u00f3vel"},"content":{"rendered":"<p class=\"\">&#13;<br \/>\n        Ap\u00f3s ter alcan\u00e7ado o segundo maior volume de produ\u00e7\u00e3o de sempre em 2025, a Volkswagen Autoeuropa est\u00e1 a <b>sentir dificuldades<\/b> no arranque deste ano. Em janeiro, o n\u00famero de ve\u00edculos que sa\u00edram da f\u00e1brica de Palmela foi de 13.318, o que traduz uma quebra de 12,8% ou quase duas mil unidades face ao primeiro m\u00eas do ano passado. Os dados de janeiro, indica fonte oficial da Autoeuropa ao Neg\u00f3cios, foram penalizados pelo <b>mau tempo sentido no Estreito de Gibraltar<\/b>, que atrasou a chegada de alguns componentes.\u00a0Assim, explica, existem diversos ve\u00edculos quase conclu\u00eddos que aguardam apenas a instala\u00e7\u00e3o das pe\u00e7as em falta.\u00a0&#13;\n    <\/p>\n","protected":false},"excerpt":{"rendered":"&#13; Ap\u00f3s ter alcan\u00e7ado o segundo maior volume de produ\u00e7\u00e3o de sempre em 2025, a Volkswagen Autoeuropa est\u00e1&hellip;\n","protected":false},"author":2,"featured_media":275101,"comment_status":"","ping_status":"","sticky":false,"template":"","format":"standard","meta":{"footnotes":"","_share_on_mastodon":"0"},"categories":[83],"tags":[40699,11293,88,89,90,3653,50394,11316,32,3654,33,3655,45069,39844],"class_list":["post-275100","post","type-post","status-publish","format-standard","has-post-thumbnail","category-empresas","tag-associacao-automovel-de-portugal","tag-autoeuropa","tag-business","tag-economy","tag-empresas","tag-mangualde","tag-mitsubishi-fuso-truck-and-bus-corporation","tag-palmela","tag-portugal","tag-producao","tag-pt","tag-stellantis","tag-veiculo","tag-veiculos-eletricos"],"share_on_mastodon":{"url":"https:\/\/pubeurope.com\/@pt\/116093567829125331","error":""},"_links":{"self":[{"href":"https:\/\/www.europesays.com\/pt\/wp-json\/wp\/v2\/posts\/275100","targetHints":{"allow":["GET"]}}],"collection":[{"href":"https:\/\/www.europesays.com\/pt\/wp-json\/wp\/v2\/posts"}],"about":[{"href":"https:\/\/www.europesays.com\/pt\/wp-json\/wp\/v2\/types\/post"}],"author":[{"embeddable":true,"href":"https:\/\/www.europesays.com\/pt\/wp-json\/wp\/v2\/users\/2"}],"replies":[{"embeddable":true,"href":"https:\/\/www.europesays.com\/pt\/wp-json\/wp\/v2\/comments?post=275100"}],"version-history":[{"count":0,"href":"https:\/\/www.europesays.com\/pt\/wp-json\/wp\/v2\/posts\/275100\/revisions"}],"wp:featuredmedia":[{"embeddable":true,"href":"https:\/\/www.europesays.com\/pt\/wp-json\/wp\/v2\/media\/275101"}],"wp:attachment":[{"href":"https:\/\/www.europesays.com\/pt\/wp-json\/wp\/v2\/media?parent=275100"}],"wp:term":[{"taxonomy":"category","embeddable":true,"href":"https:\/\/www.europesays.com\/pt\/wp-json\/wp\/v2\/categories?post=275100"},{"taxonomy":"post_tag","embeddable":true,"href":"https:\/\/www.europesays.com\/pt\/wp-json\/wp\/v2\/tags?post=275100"}],"curies":[{"name":"wp","href":"https:\/\/api.w.org\/{rel}","templated":true}]}}