{"id":27513,"date":"2025-08-13T12:27:08","date_gmt":"2025-08-13T12:27:08","guid":{"rendered":"https:\/\/www.europesays.com\/pt\/27513\/"},"modified":"2025-08-13T12:27:08","modified_gmt":"2025-08-13T12:27:08","slug":"acompanhe-aqui-tudo-sobre-os-incendios-em-portugal","status":"publish","type":"post","link":"https:\/\/www.europesays.com\/pt\/27513\/","title":{"rendered":"Acompanhe aqui tudo sobre os inc\u00eandios em Portugal"},"content":{"rendered":"<p>Gr\u00e9cia, Portugal e Espanha continuam esta quarta-feira, 13 de agosto, a lutar contra inc\u00eandios, enquanto a situa\u00e7\u00e3o melhorou em Fran\u00e7a e It\u00e1lia, depois de dezenas de milhares de hectares terem sido devastados no sul da Europa nos \u00faltimos dias.<\/p>\n<p>Os inc\u00eandios, que causaram duas mortes em Espanha e uma no Montenegro, t\u00eam estado a ser alimentados por uma onda de calor intensa e prolongada combinada com uma seca severa, sinais dos efeitos das altera\u00e7\u00f5es clim\u00e1ticas, segundo a AFP.<\/p>\n<p><strong>Na Gr\u00e9cia, os bombeiros anteciparam \u201cum dia muito dif\u00edcil\u201d sobretudo \u00e0s violentas rajadas de vento que se fizeram sentir durante o combate a 23 inc\u00eandios, incluindo um nos arredores de Patras, a terceira maior cidade do pa\u00eds.<\/strong><\/p>\n<p><strong>\u201cEstas s\u00e3o certamente as 24 horas mais dif\u00edceis do per\u00edodo de combate aos inc\u00eandios\u201d, declarou o presidente do Sindicato dos Bombeiros, Kostas Tsigas.<\/strong><\/p>\n<p>\u201cS\u00f3 ontem [ter\u00e7a-feira] deflagraram 82 inc\u00eandios, um n\u00famero muito elevado que, combinado com os ventos fortes, a seca e as altas temperaturas, criou enormes dificuldades\u201d, disse ainda sobre os fogos, a maioria dos quais j\u00e1 foi controlada.<\/p>\n<p>Na madrugada de hoje, com ventos superiores a 80 quil\u00f3metros por hora (km\/h) na Gr\u00e9cia desde a semana passada, foram mobilizados 33 avi\u00f5es e 4.850 bombeiros em todas as frentes.<\/p>\n<p><strong>Atenas apelou na ter\u00e7a-feira ao mecanismo europeu para obter quatro bombardeiros de \u00e1gua suplementares, enquanto mais de 20.000 hectares foram destru\u00eddos pelas chamas no pa\u00eds desde junho.<\/strong><\/p>\n<p>As frentes de inc\u00eandio mais preocupantes situam-se na ilha de Zakynthos, no mar J\u00f3nico (oeste), na ilha de Chios (nordeste do mar Egeu), em Preveza (oeste) e no departamento de Achaia (noroeste do Peloponeso).<\/p>\n<p>Perto da cidade de Patras, um novo inc\u00eandio deflagrou junto ao s\u00edtio arqueol\u00f3gico de Vouteni, amea\u00e7ando zonas florestais e habita\u00e7\u00f5es, cobertas por uma espessa nuvem de fumo.<\/p>\n<p><strong>Em Portugal, perto de 1.900 operacionais estavam empenhados, pelo meio-dia, no combate a cinco inc\u00eandios em Arganil, Viseu, Vila Real, Tabua\u00e7o e Trancoso, considerados os mais preocupantes pela prote\u00e7\u00e3o civil.<\/strong><\/p>\n<p>O combate efetuava-se com o apoio de 585 meios terrestres e 25 meios a\u00e9reos.<\/p>\n","protected":false},"excerpt":{"rendered":"Gr\u00e9cia, Portugal e Espanha continuam esta quarta-feira, 13 de agosto, a lutar contra inc\u00eandios, enquanto a situa\u00e7\u00e3o melhorou&hellip;\n","protected":false},"author":2,"featured_media":27514,"comment_status":"","ping_status":"","sticky":false,"template":"","format":"standard","meta":{"footnotes":""},"categories":[10],"tags":[27,28,2834,15,16,14,2830,25,26,21,22,12,13,19,20,32,23,24,4908,33,17,18,29,30,31],"class_list":{"0":"post-27513","1":"post","2":"type-post","3":"status-publish","4":"format-standard","5":"has-post-thumbnail","7":"category-portugal","8":"tag-breaking-news","9":"tag-breakingnews","10":"tag-calor","11":"tag-featured-news","12":"tag-featurednews","13":"tag-headlines","14":"tag-incendios","15":"tag-latest-news","16":"tag-latestnews","17":"tag-main-news","18":"tag-mainnews","19":"tag-news","20":"tag-noticias","21":"tag-noticias-principais","22":"tag-noticiasprincipais","23":"tag-portugal","24":"tag-principais-noticias","25":"tag-principaisnoticias","26":"tag-protecao-civil","27":"tag-pt","28":"tag-top-stories","29":"tag-topstories","30":"tag-ultimas","31":"tag-ultimas-noticias","32":"tag-ultimasnoticias"},"share_on_mastodon":{"url":"","error":""},"_links":{"self":[{"href":"https:\/\/www.europesays.com\/pt\/wp-json\/wp\/v2\/posts\/27513","targetHints":{"allow":["GET"]}}],"collection":[{"href":"https:\/\/www.europesays.com\/pt\/wp-json\/wp\/v2\/posts"}],"about":[{"href":"https:\/\/www.europesays.com\/pt\/wp-json\/wp\/v2\/types\/post"}],"author":[{"embeddable":true,"href":"https:\/\/www.europesays.com\/pt\/wp-json\/wp\/v2\/users\/2"}],"replies":[{"embeddable":true,"href":"https:\/\/www.europesays.com\/pt\/wp-json\/wp\/v2\/comments?post=27513"}],"version-history":[{"count":0,"href":"https:\/\/www.europesays.com\/pt\/wp-json\/wp\/v2\/posts\/27513\/revisions"}],"wp:featuredmedia":[{"embeddable":true,"href":"https:\/\/www.europesays.com\/pt\/wp-json\/wp\/v2\/media\/27514"}],"wp:attachment":[{"href":"https:\/\/www.europesays.com\/pt\/wp-json\/wp\/v2\/media?parent=27513"}],"wp:term":[{"taxonomy":"category","embeddable":true,"href":"https:\/\/www.europesays.com\/pt\/wp-json\/wp\/v2\/categories?post=27513"},{"taxonomy":"post_tag","embeddable":true,"href":"https:\/\/www.europesays.com\/pt\/wp-json\/wp\/v2\/tags?post=27513"}],"curies":[{"name":"wp","href":"https:\/\/api.w.org\/{rel}","templated":true}]}}