{"id":27515,"date":"2025-08-13T12:29:08","date_gmt":"2025-08-13T12:29:08","guid":{"rendered":"https:\/\/www.europesays.com\/pt\/27515\/"},"modified":"2025-08-13T12:29:08","modified_gmt":"2025-08-13T12:29:08","slug":"emma-stone-raspa-a-cabeca-para-novo-filme-12-08-2025-celebridades","status":"publish","type":"post","link":"https:\/\/www.europesays.com\/pt\/27515\/","title":{"rendered":"Emma Stone raspa a cabe\u00e7a para novo filme &#8211; 12\/08\/2025 &#8211; Celebridades"},"content":{"rendered":"<p>\n<strong class=\"c-signature__location\">Rio de Janeiro<\/strong>\n<\/p>\n<p><a href=\"https:\/\/www1.folha.uol.com.br\/folha-topicos\/emma-stone\/\" rel=\"nofollow noopener\" target=\"\">Emma Stone<\/a>, 36, vem chamando aten\u00e7\u00e3o nas \u00faltimas apari\u00e7\u00f5es p\u00fablicas, como na pr\u00e9-estreia do filme &#8220;Eddington&#8221;, em junho, em Los Angeles, Estados Unidos por exibir um corte de cabelo bem curtinho. O novo visual tem explica\u00e7\u00e3o: a atriz raspou os fios para &#8220;Bugonia&#8221;, seu pr\u00f3ximo filme em parceria com o <a href=\"https:\/\/www1.folha.uol.com.br\/ilustrada\/2024\/05\/como-e-tipos-de-gentileza-estranho-filme-de-yorgos-lanthimos-com-emma-stone.shtml\" rel=\"nofollow noopener\" target=\"\">diretor grego Yorgos Lanthimos \u2014 o mesmo de &#8220;Pobres Criaturas&#8221;<\/a> (2024), produ\u00e7\u00e3o que lhe rendeu o segundo Oscar de Melhor Atriz. A primeira vez foi em 2017, por seu papel em &#8220;La La Land&#8221;.<\/p>\n<p>O detalhe foi revelado pela pr\u00f3pria Emma em entrevista para Vogue americana, publicada nesta segunda-feira (11). A cena em que a personagem tem os cabelos raspados estar\u00e1 no filme e foi feita de verdade, com o ator Jesse Plemons \u2014 seu colega de elenco \u2014 manejando a m\u00e1quina.<\/p>\n<p>Em &#8220;Bugonia&#8221;, Stone interpreta a CEO de uma ind\u00fastria farmac\u00eautica sequestrada por dois te\u00f3ricos da conspira\u00e7\u00e3o, vividos por Jesse Plemons e Aidan Delbis. Na trama, eles acreditam que \u00e9 necess\u00e1rio cortar o cabelo da ref\u00e9m e realizam o ato no banco de tr\u00e1s de um carro roubado. O trailer mostra as madeixas reais da atriz espalhadas pelo ch\u00e3o e sendo queimadas.<\/p>\n<p>Para manter o segredo, Emma chegou a usar perucas logo ap\u00f3s as filmagens. Quando os fios cresceram um pouco, passou a assumir o novo corte em eventos. A atriz contou que chorou momentos antes da cena por lembrar de sua m\u00e3e, que raspou os cabelos anos atr\u00e1s durante o tratamento contra um c\u00e2ncer de mama. &#8220;Ela realmente fez algo corajoso. Eu estou apenas raspando a cabe\u00e7a&#8221;, disse.<\/p>\n<p>Apesar da emo\u00e7\u00e3o, a experi\u00eancia acabou sendo positiva: &#8220;N\u00e3o h\u00e1 sensa\u00e7\u00e3o melhor no mundo. O primeiro banho depois de raspar a cabe\u00e7a? Meu Deus, \u00e9 incr\u00edvel&#8221;, afirmou, lembrando a sensa\u00e7\u00e3o da \u00e1gua quente no couro cabeludo.<\/p>\n<p>Nem todos apoiaram a ideia de imediato. Jennifer Lawrence, amiga pr\u00f3xima de Emma, contou \u00e0 Vogue que tentou desencoraj\u00e1-la. &#8220;Eu realmente n\u00e3o queria que ela raspasse a cabe\u00e7a&#8221;, disse, mencionando j\u00e1 ter visto a amiga com fios curtos em 2017. Mas depois de conferir o resultado, mudou de opini\u00e3o: &#8220;Sinceramente, ela estava linda. Ela arrasou.&#8221;<\/p>\n<p>Bugonia estreia em 30 de outubro no Brasil, no mesmo m\u00eas do lan\u00e7amento nos Estados Unidos.<\/p>\n","protected":false},"excerpt":{"rendered":"Rio de Janeiro Emma Stone, 36, vem chamando aten\u00e7\u00e3o nas \u00faltimas apari\u00e7\u00f5es p\u00fablicas, como na pr\u00e9-estreia do filme&hellip;\n","protected":false},"author":2,"featured_media":27516,"comment_status":"","ping_status":"","sticky":false,"template":"","format":"standard","meta":{"footnotes":""},"categories":[145],"tags":[219,211,210,470,223,9401,114,115,224,225,226,2595,221,220,222,32,33,218,228,227],"class_list":{"0":"post-27515","1":"post","2":"type-post","3":"status-publish","4":"format-standard","5":"has-post-thumbnail","7":"category-celebridades","8":"tag-bichos","9":"tag-celebridades","10":"tag-celebrities","11":"tag-cinema","12":"tag-colunistas","13":"tag-emma-stone","14":"tag-entertainment","15":"tag-entretenimento","16":"tag-estranho","17":"tag-eu-amo","18":"tag-fofices","19":"tag-hollywood","20":"tag-horoscopo","21":"tag-humanos","22":"tag-humor","23":"tag-portugal","24":"tag-pt","25":"tag-televisao","26":"tag-tudo","27":"tag-videos"},"share_on_mastodon":{"url":"","error":""},"_links":{"self":[{"href":"https:\/\/www.europesays.com\/pt\/wp-json\/wp\/v2\/posts\/27515","targetHints":{"allow":["GET"]}}],"collection":[{"href":"https:\/\/www.europesays.com\/pt\/wp-json\/wp\/v2\/posts"}],"about":[{"href":"https:\/\/www.europesays.com\/pt\/wp-json\/wp\/v2\/types\/post"}],"author":[{"embeddable":true,"href":"https:\/\/www.europesays.com\/pt\/wp-json\/wp\/v2\/users\/2"}],"replies":[{"embeddable":true,"href":"https:\/\/www.europesays.com\/pt\/wp-json\/wp\/v2\/comments?post=27515"}],"version-history":[{"count":0,"href":"https:\/\/www.europesays.com\/pt\/wp-json\/wp\/v2\/posts\/27515\/revisions"}],"wp:featuredmedia":[{"embeddable":true,"href":"https:\/\/www.europesays.com\/pt\/wp-json\/wp\/v2\/media\/27516"}],"wp:attachment":[{"href":"https:\/\/www.europesays.com\/pt\/wp-json\/wp\/v2\/media?parent=27515"}],"wp:term":[{"taxonomy":"category","embeddable":true,"href":"https:\/\/www.europesays.com\/pt\/wp-json\/wp\/v2\/categories?post=27515"},{"taxonomy":"post_tag","embeddable":true,"href":"https:\/\/www.europesays.com\/pt\/wp-json\/wp\/v2\/tags?post=27515"}],"curies":[{"name":"wp","href":"https:\/\/api.w.org\/{rel}","templated":true}]}}