{"id":27519,"date":"2025-08-13T12:33:13","date_gmt":"2025-08-13T12:33:13","guid":{"rendered":"https:\/\/www.europesays.com\/pt\/27519\/"},"modified":"2025-08-13T12:33:13","modified_gmt":"2025-08-13T12:33:13","slug":"dua-lipa-recria-clique-de-infancia-com-a-irma-modelo-para-comemorar-aniversario-de-30-anos","status":"publish","type":"post","link":"https:\/\/www.europesays.com\/pt\/27519\/","title":{"rendered":"Dua Lipa recria clique de inf\u00e2ncia com a irm\u00e3 modelo para comemorar anivers\u00e1rio de 30 anos"},"content":{"rendered":"\n<p class=\" content-text__container theme-color-primary-first-letter\" data-track-category=\"Link no Texto\" data-track-links=\"\"> A cantora <strong>Dua Lipa<\/strong> publica clique raro ao lado da irm\u00e3, Rina Lipa. As duas est\u00e3o juntinhas celebrando em fam\u00edlia o anivers\u00e1rio de 30 anos da artista, que atinge a data no pr\u00f3ximo dia 22 de agosto. Todos se reuniram em Ibiza, na Espanha. <\/p>\n<p class=\" content-text__container \" data-track-category=\"Link no Texto\" data-track-links=\"\"> Nas redes sociais, elas recriaram um clique da inf\u00e2ncia em que surgem de rostinho colado. <\/p>\n<p class=\" content-text__container \" data-track-category=\"Link no Texto\" data-track-links=\"\"> A foto, claro, fez sucesso. T\u00e3o bela quanto a irm\u00e3, <strong>Rina Lipa<\/strong> \u00e9 modelo e atriz. <\/p>\n<p class=\" content-text__container \" data-track-category=\"Link no Texto\" data-track-links=\"\"> Ontem, <strong>Dua Lipa<\/strong> mostrou cliques da comemora\u00e7\u00e3o e apareceu ao lado do noivo, <strong>Callum Turner<\/strong>. <\/p>\n<p class=\" content-text__container \" data-track-category=\"Link no Texto\" data-track-links=\"\"> &#8220;Comemora\u00e7\u00f5es de anivers\u00e1rio antecipadas na minha ilha favorita com minhas pessoas favoritas usando o vestido mais lindo que Simon fez para mim&#8230; Mal posso esperar pelos 30!!!!&#8221;, escreveu na rede social. <\/p>\n<p>  Continuar lendo  <\/p>\n<p class=\" content-text__container \" data-track-category=\"Link no Texto\" data-track-links=\"\"> Eles come\u00e7aram a namorar em janeiro de 2024 e Dua revelou o noivado em junho deste ano. <\/p>\n<p>        <img decoding=\"async\" class=\"content-media__image\"  src=\"https:\/\/www.europesays.com\/pt\/wp-content\/uploads\/2025\/08\/rinalipas2025-8-13-9.11.253-story.jpg\" alt=\"Dua Lipa publica clique raro ao lado da irm\u00e3 \u2014 Foto: Reprodu\u00e7\u00e3o\/ Instagram\" width=\"1179\" height=\"2096\" loading=\"lazy\"\/>  Dua Lipa publica clique raro ao lado da irm\u00e3 \u2014 Foto: Reprodu\u00e7\u00e3o\/ Instagram            <img decoding=\"async\" class=\"content-media__image\"  src=\"https:\/\/www.europesays.com\/pt\/wp-content\/uploads\/2025\/08\/dualipas2025-8-13-9.9.607-story.jpg\" alt=\"Dua Lipa publica clique raro ao lado da irm\u00e3 \u2014 Foto: Reprodu\u00e7\u00e3o\/ Instagram\" width=\"1290\" height=\"2293\" loading=\"lazy\"\/>  Dua Lipa publica clique raro ao lado da irm\u00e3 \u2014 Foto: Reprodu\u00e7\u00e3o\/ Instagram            <img decoding=\"async\" class=\"content-media__image\"  src=\"https:\/\/www.europesays.com\/pt\/wp-content\/uploads\/2025\/08\/dualipa-3697597305616305345s2025-8-13-9.11.64-story.jpg\" alt=\"Dua Lipa publica clique raro ao lado da irm\u00e3 \u2014 Foto: Reprodu\u00e7\u00e3o\/ Instagram\" width=\"1440\" height=\"1440\" loading=\"lazy\"\/>  Dua Lipa publica clique raro ao lado da irm\u00e3 \u2014 Foto: Reprodu\u00e7\u00e3o\/ Instagram             <img decoding=\"async\" class=\"content-media__image\"  src=\"https:\/\/www.europesays.com\/pt\/wp-content\/uploads\/2025\/08\/rinalipa-3652049493112676211s2025-8-13-9.10.140-story.jpg\" alt=\"Dua Lipa publica clique raro ao lado da irm\u00e3 \u2014 Foto: Reprodu\u00e7\u00e3o\/ Instagram\" width=\"1440\" height=\"1799\" loading=\"lazy\"\/>  Dua Lipa publica clique raro ao lado da irm\u00e3 \u2014 Foto: Reprodu\u00e7\u00e3o\/ Instagram       <\/p>\n","protected":false},"excerpt":{"rendered":"A cantora Dua Lipa publica clique raro ao lado da irm\u00e3, Rina Lipa. As duas est\u00e3o juntinhas celebrando&hellip;\n","protected":false},"author":2,"featured_media":27520,"comment_status":"","ping_status":"","sticky":false,"template":"","format":"standard","meta":{"footnotes":""},"categories":[141],"tags":[114,115,149,150,32,33],"class_list":{"0":"post-27519","1":"post","2":"type-post","3":"status-publish","4":"format-standard","5":"has-post-thumbnail","7":"category-musica","8":"tag-entertainment","9":"tag-entretenimento","10":"tag-music","11":"tag-musica","12":"tag-portugal","13":"tag-pt"},"share_on_mastodon":{"url":"","error":""},"_links":{"self":[{"href":"https:\/\/www.europesays.com\/pt\/wp-json\/wp\/v2\/posts\/27519","targetHints":{"allow":["GET"]}}],"collection":[{"href":"https:\/\/www.europesays.com\/pt\/wp-json\/wp\/v2\/posts"}],"about":[{"href":"https:\/\/www.europesays.com\/pt\/wp-json\/wp\/v2\/types\/post"}],"author":[{"embeddable":true,"href":"https:\/\/www.europesays.com\/pt\/wp-json\/wp\/v2\/users\/2"}],"replies":[{"embeddable":true,"href":"https:\/\/www.europesays.com\/pt\/wp-json\/wp\/v2\/comments?post=27519"}],"version-history":[{"count":0,"href":"https:\/\/www.europesays.com\/pt\/wp-json\/wp\/v2\/posts\/27519\/revisions"}],"wp:featuredmedia":[{"embeddable":true,"href":"https:\/\/www.europesays.com\/pt\/wp-json\/wp\/v2\/media\/27520"}],"wp:attachment":[{"href":"https:\/\/www.europesays.com\/pt\/wp-json\/wp\/v2\/media?parent=27519"}],"wp:term":[{"taxonomy":"category","embeddable":true,"href":"https:\/\/www.europesays.com\/pt\/wp-json\/wp\/v2\/categories?post=27519"},{"taxonomy":"post_tag","embeddable":true,"href":"https:\/\/www.europesays.com\/pt\/wp-json\/wp\/v2\/tags?post=27519"}],"curies":[{"name":"wp","href":"https:\/\/api.w.org\/{rel}","templated":true}]}}