{"id":2752,"date":"2025-07-26T17:18:57","date_gmt":"2025-07-26T17:18:57","guid":{"rendered":"https:\/\/www.europesays.com\/pt\/2752\/"},"modified":"2025-07-26T17:18:57","modified_gmt":"2025-07-26T17:18:57","slug":"nao-tens-direitos-video-expoe-violencia-policial-nos-eua-observador","status":"publish","type":"post","link":"https:\/\/www.europesays.com\/pt\/2752\/","title":{"rendered":"&#8220;N\u00e3o tens direitos.&#8221; V\u00eddeo exp\u00f5e viol\u00eancia policial nos EUA \u2013 Observador"},"content":{"rendered":"<p>Um v\u00eddeo divulgado esta sexta-feira <a href=\"https:\/\/www.theguardian.com\/us-news\/2025\/jul\/25\/florida-teen-immigration-arrest\" rel=\"nofollow noopener\" target=\"_blank\">pelo jornal brit\u00e2nico The Guardian<\/a>, filmado secretamente por um jovem norte-americano, mostra as t\u00e1cticas violentas que as autoridades dos Estados Unidos est\u00e3o a usar para deter imigrantes em situa\u00e7\u00e3o irregular.<\/p>\n<p>O v\u00eddeo foi gravado no dia 2 de maio deste ano, quando Kenny Laynez-Ambrosio, de 18 anos de idade, um cidad\u00e3o norte-americano de ascend\u00eancia latino-americana, seguia numa carrinha juntamente com a sua m\u00e3e e dois amigos, no estado da Fl\u00f3rida. Laynes-Ambrosio dirigia-se para o local onde iria trabalhar em jardinagem.<\/p>\n<p>A dada altura, a carrinha foi parada pela pol\u00edcia numa opera\u00e7\u00e3o STOP \u2014 que, muito rapidamente, se transformou numa violenta deten\u00e7\u00e3o. Assim que percebeu o que se estava a passar, o jovem come\u00e7ou a filmar secretamente com o seu telem\u00f3vel.<\/p>\n<p>No in\u00edcio, \u00e9 poss\u00edvel ouvir uma agente das autoridades de imigra\u00e7\u00e3o dos EUA a perguntar, em espanhol, se algu\u00e9m se encontrava ilegalmente no pa\u00eds. Quando um dos jovens admite que n\u00e3o tem documentos, o grupo de agentes tornou-se agressivo.<\/p>\n<p>\u00c9 poss\u00edvel ver um dos agentes a puxar um dos jovens para fora do carro, detendo-o com recurso a um estrangulamento.<\/p>\n<p>Quando Laynes-Ambrosio, tamb\u00e9m agarrado pelos pol\u00edcias, contesta a deten\u00e7\u00e3o violenta, gritando que \u00e9 um cidad\u00e3o norte-americano e que conhece os seus direitos, \u00e9 poss\u00edvel ouvir um dos pol\u00edcias a gritar: \u201cN\u00e3o tens direitos aqui. \u00c9s um\u00a0migo.\u201d<\/p>\n<p>Na confus\u00e3o, gerada pela viol\u00eancia dos agentes \u2014 j\u00e1 que \u00e9 poss\u00edvel perceber que os jovens nunca se agitam antes de serem detidos \u2014, um dos jovens \u00e9 atingido com um\u00a0taser. \u201cO meu amigo n\u00e3o fez nada antes de o agarrarem\u201d, contou Laynez-Ambrosio ao The Guardian.<\/p>\n<p>\u201cEu n\u00e3o estava muito preocupado comigo, porque sabia que ia sair da situa\u00e7\u00e3o. Mas estava preocupado com ele. Podia falar por ele, mas n\u00e3o lutar, porque tornaria a situa\u00e7\u00e3o pior\u201d, explicou.<\/p>\n<p>O v\u00eddeo continua, depois, j\u00e1 no interior do carro da pol\u00edcia, onde os tr\u00eas jovens foram transportados sob cust\u00f3dia. \u00c9 poss\u00edvel ouvir os agentes da pol\u00edcia a rir-se, a gozar com os jovens e a gabar-se da for\u00e7a que usaram. \u201cJ\u00e1 se consegue cheirar o b\u00f3nus de 30 mil d\u00f3lares\u201d, diz um dos agentes.<\/p>\n<p>\u201cEles est\u00e3o a resistir mais agora\u201d, ouve-se tamb\u00e9m. \u201cVamos acabar a ter de disparar sobre alguns.\u201d<\/p>\n<p><strong>[\u00c9 s\u00e1bado. No lobby de um hotel de Albufeira um assassino misterioso espera junto ao bar por um convidado especial: representa a Organiza\u00e7\u00e3o para a Liberta\u00e7\u00e3o da Palestina. Quando o v\u00ea entrar, o terrorista dispara quatro tiros e foge.\u00a0<a href=\"https:\/\/observador.pt\/programas\/1983-portugal-queima-roupa\/estreia-1983-portugal-a-queima-roupa-episodio-1-um-corpo-no-lobby-do-hotel\/\" rel=\"nofollow noopener\" target=\"_blank\">\u201c1983: Portugal \u00e0 Queima-Roupa\u201d<\/a>\u00a0\u00e9\u00a0a hist\u00f3ria do ano em que dois grupos terroristas internacionais atacaram em Portugal. Um comando paramilitar tomou de assalto uma embaixada em Lisboa e esta execu\u00e7\u00e3o sum\u00e1ria no Algarve abalou o M\u00e9dio Oriente.\u00a0\u00c9 narrada pela atriz Victoria Guerra, com banda sonora original dos Linda Martini. Ou\u00e7a\u00a0<a href=\"https:\/\/observador.pt\/programas\/1983-portugal-queima-roupa\/estreia-1983-portugal-a-queima-roupa-episodio-1-um-corpo-no-lobby-do-hotel\/\" rel=\"nofollow noopener\" target=\"_blank\">o primeiro epis\u00f3dio no site do Observador<\/a>, na\u00a0<a href=\"https:\/\/podcasts.apple.com\/pt\/podcast\/estreia-1983-portugal-%C3%A0-queima-roupa-epis%C3%B3dio-1-um\/id1769945686?i=1000718367067\" target=\"_blank\" rel=\"noopener nofollow\">Apple Podcasts<\/a>, no\u00a0<a href=\"https:\/\/open.spotify.com\/episode\/7x2R0jpmlJQjrlOQsV3WLH\" target=\"_blank\" rel=\"noopener nofollow\">Spotify<\/a>\u00a0e no\u00a0<a href=\"https:\/\/music.youtube.com\/podcast\/alq1Tniw9sY\" target=\"_blank\" rel=\"noopener nofollow\">Youtube Music<\/a>.]<\/strong><\/p>\n<p><a href=\"https:\/\/observador.pt\/programas\/1983-portugal-queima-roupa\/estreia-1983-portugal-a-queima-roupa-episodio-1-um-corpo-no-lobby-do-hotel\/\" rel=\"nofollow noopener\" target=\"_blank\"><br \/>\n        <img src=\"https:\/\/www.europesays.com\/pt\/wp-content\/uploads\/2025\/07\/1983-capa-com-playjpg.jpeg\" alt=\"\" loading=\"lazy\" decoding=\"async\" class=\"alignnone\" onload=\"this.parentElement.classList.remove('spinner')\" onerror=\"this.parentElement.classList.remove('spinner')\" width=\"770\" height=\"433\"\/><br \/>\n<\/a><\/p>\n<p>O jovem norte-americano foi acusado de obstru\u00e7\u00e3o \u00e0 a\u00e7\u00e3o policial e pelo v\u00eddeo que gravou \u2014 e foi condenado a 10 horas de servi\u00e7o comunit\u00e1rio e a frequentar um curso de quatro horas de gest\u00e3o da raiva. De acordo com Laynez-Ambrosio, quando esteve detido foi amea\u00e7ado pela pol\u00edcia para apagar o v\u00eddeo do seu telem\u00f3vel, algo que recusou.<\/p>\n<p>Laynez-Ambrosio est\u00e1 a ser apoiado por advogados da organiza\u00e7\u00e3o Guatemalan-Maya Center, que divulgou o v\u00eddeo ao jornal brit\u00e2nico. O advogado Jack Scarola, que representa o jovem, acusou o governo norte-americano de ter imposto \u201cquotas para a deten\u00e7\u00e3o de imigrantes\u201d, lembrando que \u201csempre que as for\u00e7as policiais s\u00e3o compelidas a trabalhar rumo a uma quota, isso coloca um risco significativo para os direitos dos outros\u201d.<\/p>\n<p>A organiza\u00e7\u00e3o acusa a pol\u00edcia estatal da Fl\u00f3rida de perder a confian\u00e7a dos habitantes do estado com este tipo de a\u00e7\u00f5es, sobretudo depois de o governador da Fl\u00f3rida, Ron DeSantis, ter feito um acordo com o Departamento de Seguran\u00e7a Interna dos EUA para permitir que a pol\u00edcia estadual de tr\u00e2nsito seja treinada pela pol\u00edcia federal fronteiri\u00e7a para efetuar estas deten\u00e7\u00f5es.<\/p>\n","protected":false},"excerpt":{"rendered":"Um v\u00eddeo divulgado esta sexta-feira pelo jornal brit\u00e2nico The Guardian, filmado secretamente por um jovem norte-americano, mostra as&hellip;\n","protected":false},"author":2,"featured_media":2753,"comment_status":"","ping_status":"","sticky":false,"template":"","format":"standard","meta":{"footnotes":""},"categories":[8],"tags":[624,27,28,623,15,16,14,25,26,21,22,62,12,13,19,20,32,23,24,33,17,18,29,30,31],"class_list":{"0":"post-2752","1":"post","2":"type-post","3":"status-publish","4":"format-standard","5":"has-post-thumbnail","7":"category-principais-noticias","8":"tag-amu00e9rica","9":"tag-breaking-news","10":"tag-breakingnews","11":"tag-estados-unidos-da-amu00e9rica","12":"tag-featured-news","13":"tag-featurednews","14":"tag-headlines","15":"tag-latest-news","16":"tag-latestnews","17":"tag-main-news","18":"tag-mainnews","19":"tag-mundo","20":"tag-news","21":"tag-noticias","22":"tag-noticias-principais","23":"tag-noticiasprincipais","24":"tag-portugal","25":"tag-principais-noticias","26":"tag-principaisnoticias","27":"tag-pt","28":"tag-top-stories","29":"tag-topstories","30":"tag-ultimas","31":"tag-ultimas-noticias","32":"tag-ultimasnoticias"},"share_on_mastodon":{"url":"","error":""},"_links":{"self":[{"href":"https:\/\/www.europesays.com\/pt\/wp-json\/wp\/v2\/posts\/2752","targetHints":{"allow":["GET"]}}],"collection":[{"href":"https:\/\/www.europesays.com\/pt\/wp-json\/wp\/v2\/posts"}],"about":[{"href":"https:\/\/www.europesays.com\/pt\/wp-json\/wp\/v2\/types\/post"}],"author":[{"embeddable":true,"href":"https:\/\/www.europesays.com\/pt\/wp-json\/wp\/v2\/users\/2"}],"replies":[{"embeddable":true,"href":"https:\/\/www.europesays.com\/pt\/wp-json\/wp\/v2\/comments?post=2752"}],"version-history":[{"count":0,"href":"https:\/\/www.europesays.com\/pt\/wp-json\/wp\/v2\/posts\/2752\/revisions"}],"wp:featuredmedia":[{"embeddable":true,"href":"https:\/\/www.europesays.com\/pt\/wp-json\/wp\/v2\/media\/2753"}],"wp:attachment":[{"href":"https:\/\/www.europesays.com\/pt\/wp-json\/wp\/v2\/media?parent=2752"}],"wp:term":[{"taxonomy":"category","embeddable":true,"href":"https:\/\/www.europesays.com\/pt\/wp-json\/wp\/v2\/categories?post=2752"},{"taxonomy":"post_tag","embeddable":true,"href":"https:\/\/www.europesays.com\/pt\/wp-json\/wp\/v2\/tags?post=2752"}],"curies":[{"name":"wp","href":"https:\/\/api.w.org\/{rel}","templated":true}]}}