{"id":27525,"date":"2025-08-13T12:37:13","date_gmt":"2025-08-13T12:37:13","guid":{"rendered":"https:\/\/www.europesays.com\/pt\/27525\/"},"modified":"2025-08-13T12:37:13","modified_gmt":"2025-08-13T12:37:13","slug":"leo-caeiro-revoltado-com-as-declaracoes-de-marie-sobre-ex-namorado","status":"publish","type":"post","link":"https:\/\/www.europesays.com\/pt\/27525\/","title":{"rendered":"Leo Caeiro revoltado com as declara\u00e7\u00f5es de Marie sobre ex-namorado"},"content":{"rendered":"<p>O namoro do seguran\u00e7a Wilson e Marie j\u00e1 terminou, e para n\u00e3o variar a mal. Nas redes sociais, ela queixou-se.<\/p>\n<p>No \u2018Manh\u00e3 CM\u2019 o tema foi debatido, e o Leo Caeiro trouxe para cima da mesa o que ela escreveu em comunicado, \u201c<strong>n\u00e3o me queria pronunciar sobre este assunto, mas \u00e9 algo realmente importante e grave e que se trata de difama\u00e7\u00e3o. A pessoa que se passou por meu amigo e meu namorado, neste caso o Wilson, que nunca me foi e fez-me acreditar que seria algu\u00e9m engra\u00e7ado estando eu numa fase extremamente vulner\u00e1vel. Se bem se recordam, ela naquela altura diz que tinha fugido l\u00e1 daqueles amigos que lhe roubaram o dinheiro e fizeram-lhe mal\u201d, <\/strong>inclusive faz aqui uma afirma\u00e7\u00e3o muito grave. \u201cFingiu-se passar por um amigo quando, na verdade, o meu pai pagava-lhe.\u201d<\/p>\n<p><a href=\"https:\/\/www.europesays.com\/pt\/wp-content\/uploads\/2025\/08\/laviedemariiee_-_-_-_n.jpg\">  <img loading=\"lazy\" decoding=\"async\" src=\"https:\/\/www.europesays.com\/pt\/wp-content\/uploads\/2025\/08\/laviedemariiee_-_-_-_n.jpg\" alt=\"\u201cIsto \u00e9 uma vergonha\u201d: Leo Caeirto revoltado com as declara\u00e7\u00f5es de Marie sobre ex-namorado\" width=\"1179\" height=\"2096\"  \/>  <\/a><\/p>\n<p>O comentador da CMTV, lembra, \u201ceu at\u00e9 \u00e0 data, sobre a Marie, s\u00f3 vejo que os culpados s\u00e3o sempre os outros. Nunca \u00e9 a pr\u00f3pria Marie. Sobre outro rapaz, que at\u00e9 frequentava a casa dos pais dela, e frequentava o n\u00facleo mais duro dela, mostrava-se muito apaixonado, at\u00e9 viajou com ele v\u00e1rias vezes, e de repente\u2026 \u201d Tocaram nom nome do Farge, mas nem era desse que o Leo falava que explicou, <strong>\u201cesse era o mais velho. N\u00e3o, esse era o Farge, que era o mais velho, e que ela, na altura, quando terminaram, fez acusa\u00e7\u00f5es grav\u00edssimas em rela\u00e7\u00e3o ao rapaz (\u2026) mas o rapaz fez quest\u00e3o de, no Instagram, tentar dizer que aquilo que ela tinha dito n\u00e3o era real. E eu sei que esse senhor n\u00e3o tomou outras medidas, porque gosta muito da Marie.\u201d<\/strong><\/p>\n<p>E diz que o que ela escreve \u00e9 uma vergonha, \u201ceu primeiro que tudo n\u00e3o consigo desculpar a Marie. Eu acho que aquilo que a Marie escreve \u00e9 totalmente uma vergonha. Isto \u00e9 uma vergonha, aquilo que ela escreve. E muito mais vergonhoso \u00e9 ela\u2026 Teve com este rapaz, fez v\u00e1rios v\u00eddeos com este rapaz, como fez com outro senhor tamb\u00e9m\u2026 Todos estes senhores, at\u00e9 ent\u00e3o, eram muito boas pessoas para ela, eram bons namorados, todos eles a ajudavam, e ela utiliza sempre uma express\u00e3o que eu acho que \u00e9 uma express\u00e3o que para mim n\u00e3o pode ser utilizada para sempre, que \u00e9 vulner\u00e1vel. Todos n\u00f3s temos vulnerabilidade na vida.\u201d<\/p>\n","protected":false},"excerpt":{"rendered":"O namoro do seguran\u00e7a Wilson e Marie j\u00e1 terminou, e para n\u00e3o variar a mal. Nas redes sociais,&hellip;\n","protected":false},"author":2,"featured_media":27526,"comment_status":"","ping_status":"","sticky":false,"template":"","format":"standard","meta":{"footnotes":""},"categories":[85],"tags":[9402,114,115,9403,9404,9405,32,33],"class_list":{"0":"post-27525","1":"post","2":"type-post","3":"status-publish","4":"format-standard","5":"has-post-thumbnail","7":"category-entretenimento","8":"tag-cmtv","9":"tag-entertainment","10":"tag-entretenimento","11":"tag-leo-caeirto","12":"tag-manha-mcm","13":"tag-marei","14":"tag-portugal","15":"tag-pt"},"share_on_mastodon":{"url":"","error":""},"_links":{"self":[{"href":"https:\/\/www.europesays.com\/pt\/wp-json\/wp\/v2\/posts\/27525","targetHints":{"allow":["GET"]}}],"collection":[{"href":"https:\/\/www.europesays.com\/pt\/wp-json\/wp\/v2\/posts"}],"about":[{"href":"https:\/\/www.europesays.com\/pt\/wp-json\/wp\/v2\/types\/post"}],"author":[{"embeddable":true,"href":"https:\/\/www.europesays.com\/pt\/wp-json\/wp\/v2\/users\/2"}],"replies":[{"embeddable":true,"href":"https:\/\/www.europesays.com\/pt\/wp-json\/wp\/v2\/comments?post=27525"}],"version-history":[{"count":0,"href":"https:\/\/www.europesays.com\/pt\/wp-json\/wp\/v2\/posts\/27525\/revisions"}],"wp:featuredmedia":[{"embeddable":true,"href":"https:\/\/www.europesays.com\/pt\/wp-json\/wp\/v2\/media\/27526"}],"wp:attachment":[{"href":"https:\/\/www.europesays.com\/pt\/wp-json\/wp\/v2\/media?parent=27525"}],"wp:term":[{"taxonomy":"category","embeddable":true,"href":"https:\/\/www.europesays.com\/pt\/wp-json\/wp\/v2\/categories?post=27525"},{"taxonomy":"post_tag","embeddable":true,"href":"https:\/\/www.europesays.com\/pt\/wp-json\/wp\/v2\/tags?post=27525"}],"curies":[{"name":"wp","href":"https:\/\/api.w.org\/{rel}","templated":true}]}}