{"id":275268,"date":"2026-02-18T23:32:08","date_gmt":"2026-02-18T23:32:08","guid":{"rendered":"https:\/\/www.europesays.com\/pt\/275268\/"},"modified":"2026-02-18T23:32:08","modified_gmt":"2026-02-18T23:32:08","slug":"cuba-a-colapsar-nao-ha-petroleo-nao-ha-dinheiro-nao-ha-nada","status":"publish","type":"post","link":"https:\/\/www.europesays.com\/pt\/275268\/","title":{"rendered":"Cuba a colapsar? &#8220;N\u00e3o h\u00e1 petr\u00f3leo, n\u00e3o h\u00e1 dinheiro, n\u00e3o h\u00e1 nada&#8221;"},"content":{"rendered":"<p>                \u201cN\u00e3o h\u00e1 petr\u00f3leo, n\u00e3o h\u00e1 dinheiro, n\u00e3o h\u00e1 nada\u201d, declarou o presidente dos Estados Unidos, Donald Trump, ao justificar a press\u00e3o exercida por Washington. A Administra\u00e7\u00e3o norte-americana incumbiu o secret\u00e1rio de Estado, Marco Rubio, de liderar negocia\u00e7\u00f5es com as autoridades cubanas.<\/p>\n<p>Cuba est\u00e1 a ser afetada por uma recess\u00e3o econ\u00f3mica, agravada pela hiperinfla\u00e7\u00e3o e pela emigra\u00e7\u00e3o de quase 20 por cento da popula\u00e7\u00e3o, retrato tra\u00e7ado pelo jornal brit\u00e2nico The Guardian.O Governo comunista, no poder h\u00e1 67 anos, encontra-se num dos momentos &#8211; sen\u00e3o o momento- de maior fragilidade.<br \/>&#13;<br \/>\n&#13;\n<\/p>\n<p>A escassez de combust\u00edvel, provocada pela interrup\u00e7\u00e3o do fluxo de petr\u00f3leo para a ilha, tem efeitos devastadores, segundo uma reportagem da esta\u00e7\u00e3o norte-americana CNN divulgada esta quarta-feira. <\/p>\n<p>Sem energia suficiente, escolas suspenderam aulas, trabalhadores foram colocados em licen\u00e7a n\u00e3o remunerada e hot\u00e9is quase vazios tiveram de fechar portas. <\/p>\n<p>Voos vindos da R\u00fassia e do Canad\u00e1 foram cancelados por falta de combust\u00edvel de avia\u00e7\u00e3o, enquanto o Reino Unido e o Canad\u00e1 aconselham os seus cidad\u00e3os a evitarem viagens n\u00e3o essenciais a Cuba.<\/p>\n<p>          <img decoding=\"async\" itemprop=\"image\" class=\"img-fluid\"   src=\"https:\/\/www.europesays.com\/pt\/wp-content\/uploads\/2026\/02\/56a20d7b763fae371ff044a117c281fd_N.jpg\"\/><\/p>\n<p>Telejornal | 18 de fevereiro de 2026<\/p>\n<p>A crise energ\u00e9tica soma-se \u00e0 queda abrupta do turismo, agravando ainda mais a situa\u00e7\u00e3o econ\u00f3mica. <\/p>\n<p>A Administra\u00e7\u00e3o Trump afirma que o Governo cubano precisa finalmente abrir a economia centralizada da ilha antes de esta entrar em colapso.<\/p>\n<p>Mandy Pruna \u00e9 motorista de um Chevrolet vermelho de 1957 em Cuba, e recordou \u00e0 CNN o per\u00edodo ap\u00f3s a reaproxima\u00e7\u00e3o diplom\u00e1tica promovida por Barack Obama em 2015. \u201cTodos os setores da sociedade beneficiaram disso\u201d, afirmou, descrevendo aquela fase como \u201ca melhor \u00e9poca para o turismo em Cuba\u201d.O seu carro cl\u00e1ssico chegou a integrar o cen\u00e1rio da cerim\u00f3nia de hasteamento da bandeira na Embaixada dos EUA em Havana, simbolizando a restaura\u00e7\u00e3o oficial das rela\u00e7\u00f5es.<\/p>\n<p>Atualmente, a realidade \u00e9 outra. \u201cPreciso de gasolina para poder trabalhar, preciso de turistas para poder trabalhar\u201d, lamenta Pruna, que suspendeu a licen\u00e7a de motorista e pondera emigrar para Espanha com a fam\u00edlia. <b>\u201cTudo est\u00e1 incerto neste momento\u201d<\/b>.<\/p>\n<p>A falta de combust\u00edvel afeta hospitais, que reduziram servi\u00e7os, e impede a recolha regular de lixo, acumulando res\u00edduos em bairros inteiros. Em Havana, os cortes de energia tornaram-se rotina, deixando grande parte da cidade \u00e0s escuras durante a noite.<\/p>\n<p>O impacto econ\u00f3mico atinge tamb\u00e9m setores estrat\u00e9gicos. O festival anual de charutos Habanos foi cancelado, privando o pa\u00eds de milh\u00f5es de euros em receitas. <\/p>\n<p>Empresas privadas que importam alimentos dos EUA interromperam atividades, alegando impossibilidade de manter produtos frescos durante os apag\u00f5es.Ap\u00f3s a opera\u00e7\u00e3o militar de Washington contra a Venezuela, aliada de Cuba, no in\u00edcio de janeiro, o governo americano procura ativamente uma mudan\u00e7a de regime.<br \/>&#13;<br \/>\n&#13;\n<\/p>\n<p>Marco Rubio, cubano-americano e cr\u00edtico cr\u00f3nico do regime, afirmou que o Governo comunista sobreviveu durante d\u00e9cadas gra\u00e7as a subs\u00eddios externos, primeiro da Uni\u00e3o Sovi\u00e9tica e depois do ex-presidente venezuelano Hugo Ch\u00e1vez. <\/p>\n<p><b>\u201cPela primeira vez, n\u00e3o recebe subs\u00eddios de ningu\u00e9m, e o modelo foi exposto\u201d<\/b>, disse durante a Confer\u00eancia de Seguran\u00e7a de Munique.Segundo Rubio, a \u00fanica quest\u00e3o a discutir com a lideran\u00e7a cubana \u00e9 quando esta deixar\u00e1 o poder.<\/p>\n<p>Enquanto isso, o presidente cubano Miguel D\u00edaz-Canel apelou \u00e0 popula\u00e7\u00e3o para <b>\u201cresistir de forma criativa\u201d<\/b> e adotar uma mentalidade de tempos de guerra. \u201cComeremos o que pudermos produzir em cada lugar\u201d, afirmou em janeiro, reconhecendo que, sem combust\u00edvel, os alimentos n\u00e3o conseguem ser transportados entre munic\u00edpios.Grande parte da comida consumida em Cuba \u00e9 importada, resultado de d\u00e9cadas de pol\u00edticas agr\u00edcolas ineficazes. Agora, essa \u201cfr\u00e1gil\u201d linha de abastecimento est\u00e1 amea\u00e7ada, com pol\u00edticos cubano-americanos a defenderem o corte total de ajuda.<\/p>\n<p>A deputada republicana norte-americana Maria Elvira Salazar, \u00e9 filha de exilados cubanos que fugiram de Cuba, e declarou atrav\u00e9s dum v\u00eddeo, partilhada na rede social Facebook na passada quarta-feira, que \u201c\u00e9 tempo de parar com as migalhas\u201d ao povo cubano, acrescentando que os cubanos \u201cmerecem liberdade\u201d e condi\u00e7\u00f5es para prosperar.<\/p>\n<p>&#8220;Chegou a hora da liberdade&#8221;, referiu Elvira Salazar, afirmando que, com o presidente Trump e o secret\u00e1rio Rubio &#8220;firmes e sem concess\u00f5es&#8221;, a liberdade de Cuba est\u00e1 mais pr\u00f3xima do que nunca. Acrescentou ainda que \u201cchega de mecanismos que continuam financiando e sustentando a ditadura\u201d.<\/p>\n<p>Nos mercados agr\u00edcolas de Havana, os vendedores alertam para pre\u00e7os cada vez mais inflacionados e prateleiras vazias. \u201cN\u00e3o h\u00e1 comida. O impacto ser\u00e1 terr\u00edvel. N\u00e3o teremos nada\u201d, referiu uma comerciante \u00e0 CNN.<\/p>\n<p>Ap\u00f3s anos a viver no limiar do colapso, Cuba pode agora enfrentar uma crise humanit\u00e1ria sem precedentes. Sem petr\u00f3leo, sem turistas e sem reservas financeiras, a ilha aproxima-se de um ponto de rutura cuja dimens\u00e3o ainda \u00e9 imposs\u00edvel prever.&#13;\n            <\/p>\n","protected":false},"excerpt":{"rendered":"\u201cN\u00e3o h\u00e1 petr\u00f3leo, n\u00e3o h\u00e1 dinheiro, n\u00e3o h\u00e1 nada\u201d, declarou o presidente dos Estados Unidos, Donald Trump, ao&hellip;\n","protected":false},"author":2,"featured_media":275269,"comment_status":"","ping_status":"","sticky":false,"template":"","format":"standard","meta":{"footnotes":"","_share_on_mastodon":"0"},"categories":[50],"tags":[15994,27,28,9055,2535,92,235,15,16,14,25,26,21,22,18507,62,12,13,19,20,23,24,1115,19717,17,18,29,30,31,63,64,65],"class_list":["post-275268","post","type-post","status-publish","format-standard","has-post-thumbnail","category-mundo","tag-administracao","tag-breaking-news","tag-breakingnews","tag-combustivel","tag-cuba","tag-donald-trump","tag-estados-unidos","tag-featured-news","tag-featurednews","tag-headlines","tag-latest-news","tag-latestnews","tag-main-news","tag-mainnews","tag-marco-rubio","tag-mundo","tag-news","tag-noticias","tag-noticias-principais","tag-noticiasprincipais","tag-principais-noticias","tag-principaisnoticias","tag-regime","tag-secretario-de-estado","tag-top-stories","tag-topstories","tag-ultimas","tag-ultimas-noticias","tag-ultimasnoticias","tag-world","tag-world-news","tag-worldnews"],"share_on_mastodon":{"url":"https:\/\/pubeurope.com\/@pt\/116094248137836690","error":""},"_links":{"self":[{"href":"https:\/\/www.europesays.com\/pt\/wp-json\/wp\/v2\/posts\/275268","targetHints":{"allow":["GET"]}}],"collection":[{"href":"https:\/\/www.europesays.com\/pt\/wp-json\/wp\/v2\/posts"}],"about":[{"href":"https:\/\/www.europesays.com\/pt\/wp-json\/wp\/v2\/types\/post"}],"author":[{"embeddable":true,"href":"https:\/\/www.europesays.com\/pt\/wp-json\/wp\/v2\/users\/2"}],"replies":[{"embeddable":true,"href":"https:\/\/www.europesays.com\/pt\/wp-json\/wp\/v2\/comments?post=275268"}],"version-history":[{"count":0,"href":"https:\/\/www.europesays.com\/pt\/wp-json\/wp\/v2\/posts\/275268\/revisions"}],"wp:featuredmedia":[{"embeddable":true,"href":"https:\/\/www.europesays.com\/pt\/wp-json\/wp\/v2\/media\/275269"}],"wp:attachment":[{"href":"https:\/\/www.europesays.com\/pt\/wp-json\/wp\/v2\/media?parent=275268"}],"wp:term":[{"taxonomy":"category","embeddable":true,"href":"https:\/\/www.europesays.com\/pt\/wp-json\/wp\/v2\/categories?post=275268"},{"taxonomy":"post_tag","embeddable":true,"href":"https:\/\/www.europesays.com\/pt\/wp-json\/wp\/v2\/tags?post=275268"}],"curies":[{"name":"wp","href":"https:\/\/api.w.org\/{rel}","templated":true}]}}