{"id":27569,"date":"2025-08-13T13:10:24","date_gmt":"2025-08-13T13:10:24","guid":{"rendered":"https:\/\/www.europesays.com\/pt\/27569\/"},"modified":"2025-08-13T13:10:24","modified_gmt":"2025-08-13T13:10:24","slug":"aursnes-nao-me-recordo-de-ver-uma-ovacao-tao-grande-a-um-jogador-maisfutebol","status":"publish","type":"post","link":"https:\/\/www.europesays.com\/pt\/27569\/","title":{"rendered":"\u00abAursnes? N\u00e3o me recordo de ver uma ova\u00e7\u00e3o t\u00e3o grande a um jogador\u00bb &#8211; Maisfutebol"},"content":{"rendered":"<ol>\n<li><a href=\"https:\/\/news.google.com\/rss\/articles\/CBMiwAFBVV95cUxPMTFOZHBselZyMk1SOGMxUTUxeGlrYlNZV0xZUkZsSkU1Ry1VS3RHT3FGVHFCb1VESXIzbV9xUmlCb2oycFdhS1k0azhmYlF1MkRxMDY1ckFub1V0WWQ4dHF3ZERVOTRtYUxwTEJ3WjhMZVh1Z1VQTVRVLXE5dC1vdEtJU1ZJRmtLbnhGd0x6Vmsxdmt0Uld1enlOU3Y5b015V1dHRU5HMS1EMi1qbzJpbFBJb2hqYVpsUGxoYktQTi0?oc=5\" target=\"_blank\" rel=\"nofollow noopener\">\u00abAursnes? N\u00e3o me recordo de ver uma ova\u00e7\u00e3o t\u00e3o grande a um jogador\u00bb<\/a>&nbsp;&nbsp;Maisfutebol<\/li>\n<li><a href=\"https:\/\/news.google.com\/rss\/articles\/CBMixAFBVV95cUxNZ1hfaEJ2dGQ0OU5FS3BqUjdmeDhTV3dxRnF5ZzQ3dlFXazh0X21MYWhwR2FwRXpuRkp4dUhydlB4NjM4MXlOMXU4YVlTcXFmTndRVDlvdnJ0R04tc2xaazE2OWdNbXNnRmZvR0U2VHFvRlpCMWdibzMwX25pVDFQMnB3SXNOMHpkYXdRbmh0TURvdzFoaEl6R1BoV1ZEUmNTbHVhZkVwRVpSWl9USjl6RDZnem1JVENTTE1lY0N1N2F0dVo5?oc=5\" target=\"_blank\" rel=\"nofollow noopener\">O reconhecimento a Aursnes e a resposta a Mourinho: tudo que disse Bruno Lage<\/a>&nbsp;&nbsp;A Bola<\/li>\n<li><a href=\"https:\/\/news.google.com\/rss\/articles\/CBMitwFBVV95cUxPWjdXbG5LWjhIeGZxbVV3WF9GWVpjYnc0U05ENjVyMnBlSkxWR2t0UUdja1ZOcVQ4WHFseHotQkhiSHBrVUUwNXdEYnk0SnVXM2UyYWI0clppRFJkcUNfX0d4bzVwLTFRd2RrOV9aSUVTbEZydWIyVTFSZkRLVU9zSEhtOWU2UExHOUZORm84MVNMS3U3d1JoMkl0TDZXREMzeDN0X3lwdjRsRDRIMURBRlZkd1FfQ3fSAbwBQVVfeXFMTU9BbWtxYlM1N2ZyTHpLSEU5WG9PdktFbkUxWjNRVFZCRU1FTVFRZjhQNV9iRHRyY0w4eUkyb3FRVXNkSzhTUG1zLXpTTEZjd25GelVvcTdybkJZQno0VW5pTHdjOXF0M2NScmNYd0tZWnZqV0FOV3dPaEE1dUFLbzF5OTVtYjZoY1RseDlZNmlPY0dvVDNTbHpXb1UwdjgyS0JVS1cyQVlOeUR6NmVTenpCcmI3bGEzcThYZjA?oc=5\" target=\"_blank\" rel=\"nofollow noopener\">Aursnes: \u00abScouting? Gosto de ver futebol, n\u00e3o sei se dou um bom olheiro\u00bb<\/a>&nbsp;&nbsp;Maisfutebol<\/li>\n<li><a href=\"https:\/\/news.google.com\/rss\/articles\/CBMihgFBVV95cUxPVk1Wekw1cTVYRGpJOWVDV2lWMFlNTUpvVW95Z2FDUENTTmJDZ2lKZndCYWNvcHBKdld6ai1DR25vMy1fZlExRTVsME1XU0VERlF1elk3MXl4ZUt0STl6WkdIZ0J0cjBCRVpJTk4xWUd4ekU0bThKRWkyaFhIdHViRFo3TlQtQQ?oc=5\" target=\"_blank\" rel=\"nofollow noopener\">Para quem pouco criativo tem, muito cria<\/a>&nbsp;&nbsp;zerozero.pt<\/li>\n<li><a href=\"https:\/\/news.google.com\/rss\/articles\/CBMi8AFBVV95cUxPVnpCdmlLMGxxc01fZU1LV00yaXFvR25pbWtaY1BIcE9yYjB6SUJoYnNubmdJQmVkUXhQVW1pS1VfQy0zekF0Ul9PWkJ1bHNxYV8yNjFUa2JFc3VEZGVaU3pNSW5ZLWdheXp2UldMVHZPcHVhSmFjRXMxeS1Ham1PWjU0U2pqb2l1MkRKbGw1Z21NajAxdndHR3l0bjNPcGx3eFZGUm5ONXBjOUNRX21pcloxRTl4OGd4cy0wbHJ3UVFsem9UZmE4OEhMblVTMjBYYU1jc0ZMcG9WakdJQ1RFb3BDR3p6Qmd3eGxxeVJRZ1c?oc=5\" target=\"_blank\" rel=\"nofollow noopener\">Bruno Lage revela nova fun\u00e7\u00e3o de Fredrik Aursnes no Benfica: \u00ab\u00c9 scouting. \u00c0s vezes at\u00e9 lhe pedimos opini\u00e3o<\/a>&nbsp;&nbsp;Bola na Rede<\/li>\n<\/ol>\n","protected":false},"excerpt":{"rendered":"\u00abAursnes? N\u00e3o me recordo de ver uma ova\u00e7\u00e3o t\u00e3o grande a um jogador\u00bb&nbsp;&nbsp;Maisfutebol O reconhecimento a Aursnes e&hellip;\n","protected":false},"author":2,"featured_media":27570,"comment_status":"","ping_status":"","sticky":false,"template":"","format":"standard","meta":{"footnotes":""},"categories":[8],"tags":[51,27,28,2923,15,16,8754,14,25,26,7706,1003,21,22,46,12,13,19,20,32,23,24,33,47,17,18,29,30,31],"class_list":{"0":"post-27569","1":"post","2":"type-post","3":"status-publish","4":"format-standard","5":"has-post-thumbnail","7":"category-principais-noticias","8":"tag-benfica","9":"tag-breaking-news","10":"tag-breakingnews","11":"tag-bruno-lage","12":"tag-featured-news","13":"tag-featurednews","14":"tag-fredrik-aursnes","15":"tag-headlines","16":"tag-latest-news","17":"tag-latestnews","18":"tag-liga-campeoes","19":"tag-liga-dos-campeoes","20":"tag-main-news","21":"tag-mainnews","22":"tag-maisfutebol","23":"tag-news","24":"tag-noticias","25":"tag-noticias-principais","26":"tag-noticiasprincipais","27":"tag-portugal","28":"tag-principais-noticias","29":"tag-principaisnoticias","30":"tag-pt","31":"tag-pura-paixao","32":"tag-top-stories","33":"tag-topstories","34":"tag-ultimas","35":"tag-ultimas-noticias","36":"tag-ultimasnoticias"},"share_on_mastodon":{"url":"","error":""},"_links":{"self":[{"href":"https:\/\/www.europesays.com\/pt\/wp-json\/wp\/v2\/posts\/27569","targetHints":{"allow":["GET"]}}],"collection":[{"href":"https:\/\/www.europesays.com\/pt\/wp-json\/wp\/v2\/posts"}],"about":[{"href":"https:\/\/www.europesays.com\/pt\/wp-json\/wp\/v2\/types\/post"}],"author":[{"embeddable":true,"href":"https:\/\/www.europesays.com\/pt\/wp-json\/wp\/v2\/users\/2"}],"replies":[{"embeddable":true,"href":"https:\/\/www.europesays.com\/pt\/wp-json\/wp\/v2\/comments?post=27569"}],"version-history":[{"count":0,"href":"https:\/\/www.europesays.com\/pt\/wp-json\/wp\/v2\/posts\/27569\/revisions"}],"wp:featuredmedia":[{"embeddable":true,"href":"https:\/\/www.europesays.com\/pt\/wp-json\/wp\/v2\/media\/27570"}],"wp:attachment":[{"href":"https:\/\/www.europesays.com\/pt\/wp-json\/wp\/v2\/media?parent=27569"}],"wp:term":[{"taxonomy":"category","embeddable":true,"href":"https:\/\/www.europesays.com\/pt\/wp-json\/wp\/v2\/categories?post=27569"},{"taxonomy":"post_tag","embeddable":true,"href":"https:\/\/www.europesays.com\/pt\/wp-json\/wp\/v2\/tags?post=27569"}],"curies":[{"name":"wp","href":"https:\/\/api.w.org\/{rel}","templated":true}]}}