{"id":27651,"date":"2025-08-13T14:35:12","date_gmt":"2025-08-13T14:35:12","guid":{"rendered":"https:\/\/www.europesays.com\/pt\/27651\/"},"modified":"2025-08-13T14:35:12","modified_gmt":"2025-08-13T14:35:12","slug":"veja-7-curiosidades-sobre-esses-animais-que-possuem-qi-elevado-muita-empatia-e-gestacao-recorde","status":"publish","type":"post","link":"https:\/\/www.europesays.com\/pt\/27651\/","title":{"rendered":"veja 7 curiosidades sobre esses animais que possuem QI elevado, muita empatia e gesta\u00e7\u00e3o recorde"},"content":{"rendered":"\n<p class=\" content-text__container theme-color-primary-first-letter\" data-track-category=\"Link no Texto\" data-track-links=\"\"> \u201cUm elefante incomoda muita gente\u2026\u201d Mas hoje, pelo contr\u00e1rio, sem esse neg\u00f3cio de inc\u00f4modo! No dia 12 de agosto, \u00e9 celebrado o Dia Mundial dos Elefantes, e aqui \u00e9 o momento ideal para mergulhar no universo desses animais de trombas enormes e a refletir sobre sua preserva\u00e7\u00e3o. <\/p>\n<ul class=\"content-unordered-list\">\n<li><strong>Leia tamb\u00e9m: <\/strong><a class=\"\" href=\"https:\/\/oglobo.globo.com\/saude\/noticia\/2025\/08\/09\/por-que-algumas-pessoas-nao-gostam-de-animais-entenda-o-que-dizem-especialistas.ghtml\" rel=\"nofollow noopener\" target=\"_blank\"><strong>Por que algumas pessoas n\u00e3o gostam de animais? Entenda o que dizem especialistas<\/strong><\/a><\/li>\n<li><strong>Obesidade em c\u00e3es: <\/strong><a class=\"\" href=\"https:\/\/oglobo.globo.com\/saude\/epoca\/noticia\/2025\/07\/31\/obesidade-em-caes-como-o-ambiente-e-a-rotina-domestica-influenciam-no-peso-dos-pets-segundo-estudo.ghtml\" rel=\"nofollow noopener\" target=\"_blank\"><strong>como o ambiente e a rotina dom\u00e9stica influenciam no peso dos pets, segundo estudo<\/strong><\/a><\/li>\n<\/ul>\n<p class=\" content-text__container \" data-track-category=\"Link no Texto\" data-track-links=\"\"> Segundo a National Geographic, a data foi pensada em 2011 por Patricia Sims, cineasta canadense, em parceria com a Elephant Reintroduction Foundation, da Tail\u00e2ndia, e oficializada em 12 de agosto de 2012. Desde ent\u00e3o, evoluiu para um movimento global, reunindo mais de cem organiza\u00e7\u00f5es conservacionistas em torno de uma causa que nos toca todos os dias. <\/p>\n<p>7 fatos curiosos que fazem este dia t\u00e3o grandioso quanto o elefante:<\/p>\n<p>1. Gigantes de corpo e alma<\/p>\n<p class=\" content-text__container \" data-track-category=\"Link no Texto\" data-track-links=\"\"> Em reportagem da National Geographic, Daniel Moura, bi\u00f3logo e diretor do Santu\u00e1rio de Elefantes Brasil (SEB), primeiro projeto da organiza\u00e7\u00e3o sem fins lucrativos Global Sanctuary for Elephants (GSE) na Am\u00e9rica Latina, explicou que existem tr\u00eas esp\u00e9cies: elefantes asi\u00e1ticos, africanos da savana e da floresta. <\/p>\n<p class=\" content-text__container \" data-track-category=\"Link no Texto\" data-track-links=\"\"> O asi\u00e1tico mede at\u00e9 6,5 m, 3 m de altura e pesa 2\u20135 t; o africano da savana pode chegar a 9 m, 4 m de altura e mais de 6 t; j\u00e1 o africano da floresta pesa cerca de 2,7 t e mede at\u00e9 2,5 m. <\/p>\n<p>2. Matriarcas conduzem a manada<\/p>\n<p class=\" content-text__container \" data-track-category=\"Link no Texto\" data-track-links=\"\"> Acredite se quiser: esses animais formam sociedades profundamente sociais. As f\u00eameas permanecem juntas sob lideran\u00e7a da matriarca, enquanto os machos saem ap\u00f3s a puberdade (cerca de 13 anos). <\/p>\n<p class=\" content-text__container \" data-track-category=\"Link no Texto\" data-track-links=\"\"> Um bom exemplo \u00e9 que o Santu\u00e1rio de Elefantes Brasil conta com sete elefantas-asi\u00e1ticas. Segundo Moura, apesar desse grupo n\u00e3o ser t\u00e3o grande quanto na natureza, \u00e9 poss\u00edvel observar uma forma de amizade familiar entre os animais. \u201cDas elefantas que abrigamos, temos tr\u00eas especiais, que s\u00e3o a Maia, a Rana e a Bambi. S\u00e3o \u2018tr\u00eas senhoras\u2019 por volta dos 50, 60 anos, que se adoram, mas antes de se encontrarem no santu\u00e1rio nunca tinham vivido juntas\u201d, explicou ao National. <\/p>\n<p>3. A gravidez mais longa do reino animal<\/p>\n<p class=\" content-text__container \" data-track-category=\"Link no Texto\" data-track-links=\"\"> Outra coisa interessante \u00e9 que as fem\u00eaas amadurecem sexualmente por volta dos 9 anos, mas geralmente s\u00f3 acasalam entre 14 e 15. <\/p>\n<p class=\" content-text__container \" data-track-category=\"Link no Texto\" data-track-links=\"\"> Seguno o especialista, a gesta\u00e7\u00e3o dura impressionantes 22 meses e os filhotes j\u00e1 nascem com at\u00e9 113 kg, prontos para andar quase imediatamente. <\/p>\n<p>4. QI elevado e empatia \u201cde elefante\u201d<\/p>\n<p class=\" content-text__container \" data-track-category=\"Link no Texto\" data-track-links=\"\"> Aquela hist\u00f3ria de que elefante tem uma grande sensibilidade e um QI acima da m\u00e9dia, n\u00e3o \u00e9 mentira. Com o maior c\u00e9rebro entre os terrestres, esses animais lembram quem j\u00e1 conheceram mesmo ap\u00f3s longos anos. <\/p>\n<p class=\" content-text__container \" data-track-category=\"Link no Texto\" data-track-links=\"\"> S\u00e3o inteligentes e sens\u00edveis, capazes de expressar alegria, tristeza e luto, Daniel cita como a elefanta Maia sofreu pelo falecimento de sua companheira Guida, passando por um profundo per\u00edodo de luto, <\/p>\n<p>5. O futuro das presas de marfim est\u00e1 em risco<\/p>\n<p class=\" content-text__container \" data-track-category=\"Link no Texto\" data-track-links=\"\"> De acordo com um estudo de 2021 publicado na revista Science, devido \u00e0 ca\u00e7a intensa por marfim, manadas inteiras perderam presas. <\/p>\n<p class=\" content-text__container \" data-track-category=\"Link no Texto\" data-track-links=\"\"> Em Mo\u00e7ambique, por exemplo, 51% das f\u00eameas sobreviventes n\u00e3o as desenvolveram; na \u00c1frica do Sul, 98% delas estavam sem presas no in\u00edcio dos anos 2000. <\/p>\n<p>6. C\u00e2ncer? Quase nunca por aqui<\/p>\n<p class=\" content-text__container \" data-track-category=\"Link no Texto\" data-track-links=\"\"> Surpreendentemente, menos de 5% dos elefantes morrem de c\u00e2ncer, contra 11\u201325% em humanos, \u00e9 o que diz um estudo da University of Utah Healthcare. Isso ocorre porque eles carregam entre 15 a 40 c\u00f3pias do gene TP53, importante no combate a tumores, muito mais do que os humanos, que t\u00eam apenas duas. <\/p>\n<p class=\" content-text__container \" data-track-category=\"Link no Texto\" data-track-links=\"\"> Al\u00e9m disso, seus linf\u00f3citos s\u00e3o at\u00e9 duas vezes mais propensos a se autodestru\u00edrem ao detectarem danos gen\u00e9ticos, prevenindo o c\u00e2ncer com efic\u00e1cia extraordin\u00e1ria. <\/p>\n<p>7. Popula\u00e7\u00f5es drasticamente reduzidas<\/p>\n<p class=\" content-text__container \" data-track-category=\"Link no Texto\" data-track-links=\"\"> Hoje, segundo a Uni\u00e3o Internacional pela Conserva\u00e7\u00e3o da Natureza, estima-se que existam cerca de 400 mil elefantes africanos e apenas 40 mil asi\u00e1ticos. Ambos enfrentam amea\u00e7a grave: os da floresta s\u00e3o criticamente amea\u00e7ados; os de savana e os asi\u00e1ticos, amea\u00e7ados. <\/p>\n<p class=\" content-text__container \" data-track-category=\"Link no Texto\" data-track-links=\"\"> Al\u00e9m disso, a ca\u00e7a e a perda de habitat reduziram em pelo menos 50% suas popula\u00e7\u00f5es nos \u00faltimos 70 anos. <\/p>\n<p class=\" content-text__container \" data-track-category=\"Link no Texto\" data-track-links=\"\"> Assim, no dia 12 de agosto, celebramos n\u00e3o apenas o imenso, mas o compromisso de preservar essa grandiosidade. \u201cUm elefante incomoda muita gente\u2026\u201d e deixa um legado \u00fanico, diferente de tudo que a natureza pode oferecer. <\/p>\n","protected":false},"excerpt":{"rendered":"\u201cUm elefante incomoda muita gente\u2026\u201d Mas hoje, pelo contr\u00e1rio, sem esse neg\u00f3cio de inc\u00f4modo! No dia 12 de&hellip;\n","protected":false},"author":2,"featured_media":27652,"comment_status":"","ping_status":"","sticky":false,"template":"","format":"standard","meta":{"footnotes":""},"categories":[84],"tags":[109,107,108,319,32,33,318,105,103,104,106,110],"class_list":{"0":"post-27651","1":"post","2":"type-post","3":"status-publish","4":"format-standard","5":"has-post-thumbnail","7":"category-ciencia-e-tecnologia","8":"tag-ciencia","9":"tag-ciencia-e-tecnologia","10":"tag-cienciaetecnologia","11":"tag-hard-news","12":"tag-portugal","13":"tag-pt","14":"tag-radar","15":"tag-science","16":"tag-science-and-technology","17":"tag-scienceandtechnology","18":"tag-technology","19":"tag-tecnologia"},"share_on_mastodon":{"url":"","error":""},"_links":{"self":[{"href":"https:\/\/www.europesays.com\/pt\/wp-json\/wp\/v2\/posts\/27651","targetHints":{"allow":["GET"]}}],"collection":[{"href":"https:\/\/www.europesays.com\/pt\/wp-json\/wp\/v2\/posts"}],"about":[{"href":"https:\/\/www.europesays.com\/pt\/wp-json\/wp\/v2\/types\/post"}],"author":[{"embeddable":true,"href":"https:\/\/www.europesays.com\/pt\/wp-json\/wp\/v2\/users\/2"}],"replies":[{"embeddable":true,"href":"https:\/\/www.europesays.com\/pt\/wp-json\/wp\/v2\/comments?post=27651"}],"version-history":[{"count":0,"href":"https:\/\/www.europesays.com\/pt\/wp-json\/wp\/v2\/posts\/27651\/revisions"}],"wp:featuredmedia":[{"embeddable":true,"href":"https:\/\/www.europesays.com\/pt\/wp-json\/wp\/v2\/media\/27652"}],"wp:attachment":[{"href":"https:\/\/www.europesays.com\/pt\/wp-json\/wp\/v2\/media?parent=27651"}],"wp:term":[{"taxonomy":"category","embeddable":true,"href":"https:\/\/www.europesays.com\/pt\/wp-json\/wp\/v2\/categories?post=27651"},{"taxonomy":"post_tag","embeddable":true,"href":"https:\/\/www.europesays.com\/pt\/wp-json\/wp\/v2\/tags?post=27651"}],"curies":[{"name":"wp","href":"https:\/\/api.w.org\/{rel}","templated":true}]}}