{"id":276663,"date":"2026-02-20T00:49:08","date_gmt":"2026-02-20T00:49:08","guid":{"rendered":"https:\/\/www.europesays.com\/pt\/276663\/"},"modified":"2026-02-20T00:49:08","modified_gmt":"2026-02-20T00:49:08","slug":"russia-quer-muito-mais-da-ucrania-do-que-concessoes-territoriais-e-por-isso-esta-a-preparar-um-recrutamento-involuntario","status":"publish","type":"post","link":"https:\/\/www.europesays.com\/pt\/276663\/","title":{"rendered":"R\u00fassia quer muito mais da Ucr\u00e2nia do que concess\u00f5es territoriais. E por isso est\u00e1 a preparar um recrutamento involunt\u00e1rio"},"content":{"rendered":"<p>\t                Esta semana, Kiev sinalizou a abertura a concess\u00f5es relevantes no \u00e2mbito das negocia\u00e7\u00f5es em Genebra, mas Moscovo garante que n\u00e3o vai abdicar dos objetivos m\u00e1ximos da guerra<\/p>\n<p style=\"margin-bottom:11px\">A R\u00fassia voltou a deixar claro que n\u00e3o ficar\u00e1 satisfeita apenas com concess\u00f5es territoriais e, por isso, mant\u00e9m intactos os objetivos originais da guerra, incluindo o enfraquecimento da NATO.<\/p>\n<p>De acordo com o <a href=\"https:\/\/understandingwar.org\/research\/russia-ukraine\/russian-offensive-campaign-assessment-february-18-2026\/\" target=\"_blank\" rel=\"nofollow noopener\">Instituto para o Estudo da Guerra<\/a> (ISW), a embaixada russa na B\u00e9lgica disse ao jornal estatal Izvestia, esta semana, que Moscovo vai exigir que a NATO \u201cconsagre juridicamente uma cl\u00e1usula de n\u00e3o expans\u00e3o, com base num &#8216;projeto de tratado&#8217; apresentado em dezembro de 2021, refer\u00eancia direta aos ultimatos dirigidos aos Estados Unidos e \u00e0 NATO antes do in\u00edcio da guerra\u201d.<\/p>\n<p>&#8220;Essas exig\u00eancias implicavam, na pr\u00e1tica, uma transforma\u00e7\u00e3o profunda da atual estrutura da Alian\u00e7a, ao reclamarem o fim do destacamento de for\u00e7as ou sistemas de armas em Estados-membros que aderiram ap\u00f3s 1997. Pretendiam ainda for\u00e7ar o Ocidente a abandonar a pol\u00edtica de &#8216;portas abertas&#8217;, travar o alargamento a Leste e p\u00f4r termo \u00e0s parcerias na fronteira oriental da NATO, incluindo com a Ucr\u00e2nia&#8221;, sublinha a an\u00e1lise do ISW.<\/p>\n<p>Para o ISW,\u00a0a insist\u00eancia nestas condi\u00e7\u00f5es, em plena fase de negocia\u00e7\u00f5es, indica que Moscovo n\u00e3o aceitar\u00e1 um acordo que n\u00e3o satisfa\u00e7a integralmente as suas exig\u00eancias em rela\u00e7\u00e3o \u00e0 Ucr\u00e2nia, \u00e0 NATO e aos Estados Unidos, mesmo que algumas pretens\u00f5es territoriais venham a ser contempladas.<\/p>\n<p>Na ter\u00e7a e quarta-feira, respons\u00e1veis russos, entre eles a porta-voz do Minist\u00e9rio dos Neg\u00f3cios Estrangeiros, Maria Zakharova, evocaram o alegado \u201cesp\u00edrito\u201d ou \u201centendimentos\u201d alcan\u00e7ados entre delega\u00e7\u00f5es norte-americanas e russas durante a cimeira do Alasca, em agosto de 2025. O Kremlin tem procurado explorar a ambiguidade em torno desse encontro para sugerir que foi alcan\u00e7ado um entendimento conjunto para p\u00f4r fim \u00e0 guerra, apresentando-o de forma favor\u00e1vel aos interesses russos.<\/p>\n<p>Contudo, esse suposto entendimento permanece indefinido, uma vez que n\u00e3o resultaram acordos formais da reuni\u00e3o. Ap\u00f3s a cimeira, Donald Trump afirmou que as delega\u00e7\u00f5es n\u00e3o tinham chegado a um \u201cacordo\u201d. Segundo o ISW, o Kremlin continua a reiterar que pretende alcan\u00e7ar os seus objetivos de guerra, seja por via militar ou diplom\u00e1tica, sem sinal de compromissos substanciais.<\/p>\n<p>Do lado ucraniano, Kiev tem sinalizado abertura a concess\u00f5es relevantes no \u00e2mbito das negocia\u00e7\u00f5es. Volodymyr Zelensky disse \u00e0 Axios que a Ucr\u00e2nia est\u00e1 preparada para discutir uma retirada de tropas do Donbass, desde que a R\u00fassia proceda a um recuo equivalente. O l\u00edder ucraniano acrescentou que qualquer acordo para p\u00f4r fim ao conflito ter\u00e1 de ser submetido a vota\u00e7\u00e3o popular na Ucr\u00e2nia, advertindo, por\u00e9m, que a sociedade ucraniana rejeitaria uma retirada unilateral do leste do Donbass.<\/p>\n<p>Ao mesmo tempo que acontecem avan\u00e7os e recuos nas negocia\u00e7\u00f5es, o ISW considera prov\u00e1vel que o presidente russo, Vladimir Putin, esteja a criar condi\u00e7\u00f5es internas para retomar convoca\u00e7\u00f5es involunt\u00e1rias e rotativas, ainda que de forma limitada, face \u00e0s dificuldades em repor as perdas sofridas na Ucr\u00e2nia com os atuais mecanismos de recrutamento.<\/p>\n<p>Na quarta-feira, a Duma Estatal aprovou, em primeira leitura, um projeto de lei destinado a refor\u00e7ar medidas contra a \u201cdistor\u00e7\u00e3o da verdade hist\u00f3rica\u201d e a \u201cevas\u00e3o do dever de defender a P\u00e1tria\u201d. Segundo o ISW, a iniciativa poder\u00e1 servir de base legal para processar cidad\u00e3os que critiquem convoca\u00e7\u00f5es obrigat\u00f3rias.<\/p>\n","protected":false},"excerpt":{"rendered":"Esta semana, Kiev sinalizou a abertura a concess\u00f5es relevantes no \u00e2mbito das negocia\u00e7\u00f5es em Genebra, mas Moscovo garante&hellip;\n","protected":false},"author":2,"featured_media":276664,"comment_status":"","ping_status":"","sticky":false,"template":"","format":"standard","meta":{"footnotes":"","_share_on_mastodon":"0"},"categories":[50],"tags":[609,836,611,27,28,607,608,333,50560,832,604,135,610,476,15,16,301,830,14,50562,50561,603,25,26,570,21,22,831,833,62,3400,834,12,13,19,20,835,602,52,32,23,24,839,17,18,840,29,30,31,63,64,65],"class_list":["post-276663","post","type-post","status-publish","format-standard","has-post-thumbnail","category-mundo","tag-alerta","tag-analise","tag-ao-minuto","tag-breaking-news","tag-breakingnews","tag-cnn","tag-cnn-portugal","tag-comentadores","tag-concessoes-territoriais","tag-costa","tag-crime","tag-desporto","tag-direto","tag-economia","tag-featured-news","tag-featurednews","tag-governo","tag-guerra","tag-headlines","tag-instituto-para-o-estudo-da-guerra","tag-isw","tag-justica","tag-latest-news","tag-latestnews","tag-live","tag-main-news","tag-mainnews","tag-mais-vistas","tag-marcelo","tag-mundo","tag-nato","tag-negocios","tag-news","tag-noticias","tag-noticias-principais","tag-noticiasprincipais","tag-opiniao","tag-pais","tag-politica","tag-portugal","tag-principais-noticias","tag-principaisnoticias","tag-russia","tag-top-stories","tag-topstories","tag-ucrania","tag-ultimas","tag-ultimas-noticias","tag-ultimasnoticias","tag-world","tag-world-news","tag-worldnews"],"share_on_mastodon":{"url":"","error":"Validation failed: Text character limit of 500 exceeded"},"_links":{"self":[{"href":"https:\/\/www.europesays.com\/pt\/wp-json\/wp\/v2\/posts\/276663","targetHints":{"allow":["GET"]}}],"collection":[{"href":"https:\/\/www.europesays.com\/pt\/wp-json\/wp\/v2\/posts"}],"about":[{"href":"https:\/\/www.europesays.com\/pt\/wp-json\/wp\/v2\/types\/post"}],"author":[{"embeddable":true,"href":"https:\/\/www.europesays.com\/pt\/wp-json\/wp\/v2\/users\/2"}],"replies":[{"embeddable":true,"href":"https:\/\/www.europesays.com\/pt\/wp-json\/wp\/v2\/comments?post=276663"}],"version-history":[{"count":0,"href":"https:\/\/www.europesays.com\/pt\/wp-json\/wp\/v2\/posts\/276663\/revisions"}],"wp:featuredmedia":[{"embeddable":true,"href":"https:\/\/www.europesays.com\/pt\/wp-json\/wp\/v2\/media\/276664"}],"wp:attachment":[{"href":"https:\/\/www.europesays.com\/pt\/wp-json\/wp\/v2\/media?parent=276663"}],"wp:term":[{"taxonomy":"category","embeddable":true,"href":"https:\/\/www.europesays.com\/pt\/wp-json\/wp\/v2\/categories?post=276663"},{"taxonomy":"post_tag","embeddable":true,"href":"https:\/\/www.europesays.com\/pt\/wp-json\/wp\/v2\/tags?post=276663"}],"curies":[{"name":"wp","href":"https:\/\/api.w.org\/{rel}","templated":true}]}}