{"id":27724,"date":"2025-08-13T15:35:11","date_gmt":"2025-08-13T15:35:11","guid":{"rendered":"https:\/\/www.europesays.com\/pt\/27724\/"},"modified":"2025-08-13T15:35:11","modified_gmt":"2025-08-13T15:35:11","slug":"bruno-de-carvalho-nao-aceita-expulsao-cristina-ferreira-esclarece-tudo-se-o-big-permitir-isto-permite-que-haja-muito-mais-big-brother","status":"publish","type":"post","link":"https:\/\/www.europesays.com\/pt\/27724\/","title":{"rendered":"Bruno de Carvalho n\u00e3o aceita expuls\u00e3o. Cristina Ferreira esclarece tudo: \u00abSe o Big permitir isto, permite que haja muito mais\u00bb &#8211; Big Brother"},"content":{"rendered":"<p>                            Bruno de Carvalho fala pela primeira vez, no \u00abDois \u00e0s 10\u00bb ap\u00f3s expuls\u00e3o pol\u00e9mica do Big Brother Ver\u00e3o. <\/p>\n<p data-end=\"423\" data-start=\"241\">Bruno de Carvalho esteve esta ter\u00e7a-feira, 12 de agosto, no programa Dois \u00e0s 10 para esclarecer a sua vers\u00e3o dos acontecimentos que levaram \u00e0 sua expuls\u00e3o do Big Brother Ver\u00e3o.<\/p>\n<p data-end=\"423\" data-start=\"241\">A decis\u00e3o do Big surgiu depois de Afonso Leit\u00e3o denunciar uma agress\u00e3o. <strong>A<a href=\"https:\/\/tvi.iol.pt\/bigbrother\/videos\/todas-as-imagens-as-provocacoes-de-catarina-e-afonso-que-levaram-bruno-de-carvalho-a-ser-expulso\/689c5af00cf20ac1d5f3563b\" rel=\"nofollow noopener\" target=\"_blank\">s imagens transmitidas em direto mostraram um pontap\u00e9 de Bruno de Carvalho<\/a><\/strong>, embora o ex-concorrente tenha defendido no Especial da TVI que n\u00e3o foi intencional nem considera que tenha existido uma agress\u00e3o direta.<\/p>\n<p data-end=\"901\" data-start=\"689\">No programa apresentado por Cl\u00e1udio Ramos e Cristina Ferreira, foram revistos todos os momentos do incidente e debatidas as raz\u00f5es que levaram \u00e0 expuls\u00e3o imediata do DJ, bem como as suas rea\u00e7\u00f5es fora da casa. Pela primeira vez, Bruno de Carvalho reage ao sucedido e \u00e9 confrontado pelos apresentadores, ap\u00f3s insinua\u00e7\u00f5es.<\/p>\n<p data-end=\"901\" data-start=\"689\">\u00abEstou \u00f3timo. Fui sair logo a seguir ao programa (&#8230;) Toda a gente percebeu que aquilo n\u00e3o \u00e9 pontap\u00e9 nenhum. Ele tinha as pernas recolhidas\u00bb, revelou. <strong>Convicto de que n\u00e3o deu nenhum pontap\u00e9 ao colega<\/strong>, Bruno mostrou-se tranquilo e de consci\u00eancia leve. \u00abAgora deixas-me falar\u00bb, interrompe Cristina para sobressaltar que o contacto f\u00edsico n\u00e3o \u00e9 aceit\u00e1vel &#8211; <strong>\u00ab\u00c9 \u00f3bvio que tens de ser expulso (&#8230;) Se o Big permitir isto, permite que haja muito mais coisas que n\u00e3o podemos deixar que aconte\u00e7a\u00bb<\/strong>.<\/p>\n<p><a href=\"https:\/\/tvi.iol.pt\/bigbrother\/video\/horas-depois-da-saida-polemica-bruno-de-carvalho-quebra-o-silencio-sobre-a-expulsao-veja-a-conversa-completa\/689c71440cf2ba9f720f13bb\" rel=\"nofollow noopener\" target=\"_blank\">\u00abEstava calmo (&#8230;) N\u00e3o fui agressivo\u00bb<\/a> <\/p>\n<p data-end=\"901\" data-start=\"689\">Durante a entrevista, Bruno mostra-se incomodado com o que viveu na casa, afirmando que os colegas s\u00e3o mal educados e proferem frases e palavras que, segundo a lei, deveriam ser punidas, na \u00f3tica do ex-concorrente: \u00abCrime de denegrir a imagem. Crime de ofensas contra a idade\u00bb. Em resposta, Cristina questionou: \u00abExpulso as duas?\u00bb, referindo-se ao facto de v\u00e1rios concorrentes terem comportamentos errados, como o exemplo de uma forte discuss\u00e3o entre Catarina e Kina.<\/p>\n<p data-end=\"901\" data-start=\"689\"><strong>\u00abFiquei chocado com a op\u00e7\u00e3o de me expulsarem\u00bb<\/strong>, afirma Bruno ao revelar que queria ter desistido no dia anterior ao acto pol\u00e9mico.<\/p>\n<p>Sobre as declara\u00e7\u00f5es de Bruno, a diretora de entretenimento e fic\u00e7\u00e3o do canal afirmou: \u00abN\u00e3o vou falar aqui de coisas que s\u00e3o de facto privadas e que n\u00e3o as podemos divulgar. <strong>Cada um de voc\u00eas entra com um contrato<\/strong>. Cada um de voc\u00eas tem as al\u00edneas que tem e n\u00e3o vamos falar disso (&#8230;) <strong>Podes ter dito no teu que naquela data era o teu limite. Isso n\u00e3o altera em nada as regras do jogo. Se tivesses sido expulso na primeira semana, eras expulso<\/strong> (&#8230;) Que fique bem claro\u00bb. Assim, tudo ficou esclarecido para que o programa n\u00e3o seja colocado em causa.<\/p>\n<p data-end=\"901\" data-start=\"689\"><strong>\u00abNingu\u00e9m fica l\u00e1 preso se n\u00e3o quiser (&#8230;) Ser\u00e1s sempre bem-vindo a esta casa\u00bb<\/strong>, remata Cristina.<\/p>\n<p data-end=\"901\" data-start=\"689\">\u00a0<\/p>\n<p>Veja aqui a conversa completa: <\/p>\n","protected":false},"excerpt":{"rendered":"Bruno de Carvalho fala pela primeira vez, no \u00abDois \u00e0s 10\u00bb ap\u00f3s expuls\u00e3o pol\u00e9mica do Big Brother Ver\u00e3o.&hellip;\n","protected":false},"author":2,"featured_media":27725,"comment_status":"","ping_status":"","sticky":false,"template":"","format":"standard","meta":{"footnotes":""},"categories":[8],"tags":[331,48,27,28,341,329,333,328,335,166,336,334,332,15,16,330,14,25,26,21,22,12,13,19,20,32,23,24,33,17,18,162,29,30,31,227],"class_list":{"0":"post-27724","1":"post","2":"type-post","3":"status-publish","4":"format-standard","5":"has-post-thumbnail","7":"category-principais-noticias","8":"tag-big","9":"tag-big-brother","10":"tag-breaking-news","11":"tag-breakingnews","12":"tag-bruno-de-carvalho","13":"tag-claudio-ramos","14":"tag-comentadores","15":"tag-concorrentes","16":"tag-confrontos","17":"tag-cristina-ferreira","18":"tag-discussoes","19":"tag-exclusivos","20":"tag-expulso","21":"tag-featured-news","22":"tag-featurednews","23":"tag-gala","24":"tag-headlines","25":"tag-latest-news","26":"tag-latestnews","27":"tag-main-news","28":"tag-mainnews","29":"tag-news","30":"tag-noticias","31":"tag-noticias-principais","32":"tag-noticiasprincipais","33":"tag-portugal","34":"tag-principais-noticias","35":"tag-principaisnoticias","36":"tag-pt","37":"tag-top-stories","38":"tag-topstories","39":"tag-tvi","40":"tag-ultimas","41":"tag-ultimas-noticias","42":"tag-ultimasnoticias","43":"tag-videos"},"share_on_mastodon":{"url":"","error":""},"_links":{"self":[{"href":"https:\/\/www.europesays.com\/pt\/wp-json\/wp\/v2\/posts\/27724","targetHints":{"allow":["GET"]}}],"collection":[{"href":"https:\/\/www.europesays.com\/pt\/wp-json\/wp\/v2\/posts"}],"about":[{"href":"https:\/\/www.europesays.com\/pt\/wp-json\/wp\/v2\/types\/post"}],"author":[{"embeddable":true,"href":"https:\/\/www.europesays.com\/pt\/wp-json\/wp\/v2\/users\/2"}],"replies":[{"embeddable":true,"href":"https:\/\/www.europesays.com\/pt\/wp-json\/wp\/v2\/comments?post=27724"}],"version-history":[{"count":0,"href":"https:\/\/www.europesays.com\/pt\/wp-json\/wp\/v2\/posts\/27724\/revisions"}],"wp:featuredmedia":[{"embeddable":true,"href":"https:\/\/www.europesays.com\/pt\/wp-json\/wp\/v2\/media\/27725"}],"wp:attachment":[{"href":"https:\/\/www.europesays.com\/pt\/wp-json\/wp\/v2\/media?parent=27724"}],"wp:term":[{"taxonomy":"category","embeddable":true,"href":"https:\/\/www.europesays.com\/pt\/wp-json\/wp\/v2\/categories?post=27724"},{"taxonomy":"post_tag","embeddable":true,"href":"https:\/\/www.europesays.com\/pt\/wp-json\/wp\/v2\/tags?post=27724"}],"curies":[{"name":"wp","href":"https:\/\/api.w.org\/{rel}","templated":true}]}}