{"id":27743,"date":"2025-08-13T15:50:09","date_gmt":"2025-08-13T15:50:09","guid":{"rendered":"https:\/\/www.europesays.com\/pt\/27743\/"},"modified":"2025-08-13T15:50:09","modified_gmt":"2025-08-13T15:50:09","slug":"atriz-tem-crise-de-diarreia-em-aviao-e-causa-cancelamento-de-voo-r7-entretenimento","status":"publish","type":"post","link":"https:\/\/www.europesays.com\/pt\/27743\/","title":{"rendered":"Atriz tem crise de diarreia em avi\u00e3o e causa cancelamento de voo \u2013 R7 Entretenimento"},"content":{"rendered":"<p>Meghan Reinertsen enfrentou um perrengue digno de filme durante viagem<\/p>\n<p><img decoding=\"async\" data-chromatic=\"ignore\" alt=\"\" class=\"c-image\" loading=\"lazy\" src=\"https:\/\/www.europesays.com\/pt\/wp-content\/uploads\/2025\/08\/GJJR27NK6FDH7KYK6DR6AH2DLA.jpg\"  width=\"1920\" height=\"1080\"\/>Meghan Reinertsen viralizou ao contar que teve diarreia em voo Reprodu\u00e7\u00e3o\/Instagram\/@meghanreinertsen <\/p>\n<p class=\"dark:base-text-neutral-high-400 base-text-[calc(theme(fontSize.xs)_*_var(--font-size,_1))] base-font-normal base-font-primary base-text-neutral-low-500 base-text-left\">A atriz e influenciadora <b>Meghan Reinertsen<\/b> passou por uma situa\u00e7\u00e3o daquelas que a gente nunca quer viver&#8230; \ud83d\ude2c<\/p>\n<p class=\"dark:base-text-neutral-high-400 base-text-[calc(theme(fontSize.xs)_*_var(--font-size,_1))] base-font-normal base-font-primary base-text-neutral-low-500 base-text-left\">Durante um voo de <b>Lisboa (Portugal)<\/b> para <b>Indian\u00e1polis (EUA)<\/b>, Meghan relatou nas redes sociais um verdadeiro <b>perrengue internacional<\/b>. <\/p>\n<p class=\"dark:base-text-neutral-high-400 base-text-[calc(theme(fontSize.xs)_*_var(--font-size,_1))] base-font-normal base-font-primary base-text-neutral-low-500 base-text-left\">Segundo ela, tudo come\u00e7ou pouco antes do pouso nos Estados Unidos, quando come\u00e7ou a sentir <b>fortes desconfortos estomacais<\/b>. J\u00e1 d\u00e1 para imaginar onde isso vai dar, n\u00e9?<\/p>\n<p class=\"dark:base-text-neutral-high-400 base-text-[calc(theme(fontSize.xs)_*_var(--font-size,_1))] base-font-normal base-font-primary base-text-neutral-low-500 base-text-left\">Ap\u00f3s desembarcar em <b>Nova Jersey<\/b> para uma escala, onde ainda teve que encarar imigra\u00e7\u00e3o e despacho de bagagem, a situa\u00e7\u00e3o <b>s\u00f3 piorou! <\/b>\ud83d\ude30 <\/p>\n<p class=\"dark:base-text-neutral-high-400 base-text-[calc(theme(fontSize.xs)_*_var(--font-size,_1))] base-font-normal base-font-primary base-text-neutral-low-500 base-text-left\">Com <b>c\u00f3licas e suor intenso<\/b>, a atriz at\u00e9 tentou seguir viagem normalmente\u2026 mas n\u00e3o deu. No \u00faltimo trecho at\u00e9 Indian\u00e1polis, ela <b>mal conseguiu sair do banheiro da aeronave<\/b>, alternando epis\u00f3dios de <b>diarreia e v\u00f4mito<\/b>. Um sufoco s\u00f3!<\/p>\n<p class=\"dark:base-text-neutral-high-400 base-text-[calc(theme(fontSize.xs)_*_var(--font-size,_1))] base-font-normal base-font-primary base-text-neutral-low-500 base-text-left\">O caso foi t\u00e3o s\u00e9rio que, ao fim da viagem, Meghan foi avisada que o <b>pr\u00f3ximo voo da aeronave tinha sido cancelado<\/b> por motivo de <b>\u201cinsalubridade a bordo\u201d<\/b>. \ud83d\ude33 <\/p>\n<p class=\"dark:base-text-neutral-high-400 base-text-[calc(theme(fontSize.xs)_*_var(--font-size,_1))] base-font-normal base-font-primary base-text-neutral-low-500 base-text-left\">Uma <b>equipe especializada <\/b>precisou ser chamada para <b>higienizar toda a cabine<\/b>. Haja desinfetante!<\/p>\n<p class=\"dark:base-text-neutral-high-400 base-text-[calc(theme(fontSize.xs)_*_var(--font-size,_1))] base-font-normal base-font-primary base-text-neutral-low-500 base-text-left\">A pr\u00f3pria atriz contou tudo no TikTok \u2014 e n\u00e3o \u00e9 que o v\u00eddeo j\u00e1 <b>passou de 20 milh\u00f5es de visualiza\u00e7\u00f5es<\/b>? Em outras postagens, ela trata o epis\u00f3dio com bom humor e ainda interage com seguidores sobre o tema.<\/p>\n<p class=\"dark:base-text-neutral-high-400 base-text-[calc(theme(fontSize.xs)_*_var(--font-size,_1))] base-font-normal base-font-primary base-text-neutral-low-500 base-text-left\">Para quem n\u00e3o conhece, <b>Meghan Reinertsen<\/b> \u00e9 <b>escritora e atriz<\/b> e est\u00e1 h\u00e1 <b>10 anos no ramo art\u00edstico<\/b>. J\u00e1 atuou em produ\u00e7\u00f5es como Homicide Hunter: Lt. Joe Kenda e Twisted Scripts. Seu papel mais reconhecido at\u00e9 agora foi como <b>Helga Cahn<\/b>, no curta The Ice Cream Man, que at\u00e9 entrou na short list do Oscar 2025. <\/p>\n<p class=\"dark:base-text-neutral-high-400 base-text-[calc(theme(fontSize.xs)_*_var(--font-size,_1))] base-font-normal base-font-primary base-text-neutral-low-500 base-text-left\">Nas redes, a atriz tamb\u00e9m bomba como influenciadora: s\u00e3o mais de <b>92 mil seguidores no TikTok<\/b> e mais de <b>3 milh\u00f5es de curtidas<\/b>, onde compartilha dicas de rotina, vida saud\u00e1vel e agora tamb\u00e9m suas aventuras (nada glamourosas) no ar.<\/p>\n<p class=\"dark:base-text-neutral-high-400 base-text-[calc(theme(fontSize.xs)_*_var(--font-size,_1))] base-font-normal base-font-primary base-text-neutral-low-500 base-text-left\">\u2705<b>Para saber tudo do mundo dos famosos, <\/b><a href=\"https:\/\/whatsapp.com\/channel\/0029Va9UfKcHQbRyCyhPt71R\" rel=\"nofollow noopener\" target=\"_blank\"><b>siga o canal de entretenimento do R7<\/b><\/a><b>, o portal de not\u00edcias da Record, no WhatsApp<\/b><\/p>\n<p>Os textos aqui publicados <strong>n\u00e3o refletem<\/strong> necessariamente a opini\u00e3o do<strong> Grupo Record<\/strong>.<\/p>\n","protected":false},"excerpt":{"rendered":"Meghan Reinertsen enfrentou um perrengue digno de filme durante viagem Meghan Reinertsen viralizou ao contar que teve diarreia&hellip;\n","protected":false},"author":2,"featured_media":27744,"comment_status":"","ping_status":"","sticky":false,"template":"","format":"standard","meta":{"footnotes":""},"categories":[145],"tags":[4552,211,210,114,115,3034,32,33],"class_list":{"0":"post-27743","1":"post","2":"type-post","3":"status-publish","4":"format-standard","5":"has-post-thumbnail","7":"category-celebridades","8":"tag-a-hora-da-venenosa","9":"tag-celebridades","10":"tag-celebrities","11":"tag-entertainment","12":"tag-entretenimento","13":"tag-famosos-e-celebridades","14":"tag-portugal","15":"tag-pt"},"share_on_mastodon":{"url":"","error":""},"_links":{"self":[{"href":"https:\/\/www.europesays.com\/pt\/wp-json\/wp\/v2\/posts\/27743","targetHints":{"allow":["GET"]}}],"collection":[{"href":"https:\/\/www.europesays.com\/pt\/wp-json\/wp\/v2\/posts"}],"about":[{"href":"https:\/\/www.europesays.com\/pt\/wp-json\/wp\/v2\/types\/post"}],"author":[{"embeddable":true,"href":"https:\/\/www.europesays.com\/pt\/wp-json\/wp\/v2\/users\/2"}],"replies":[{"embeddable":true,"href":"https:\/\/www.europesays.com\/pt\/wp-json\/wp\/v2\/comments?post=27743"}],"version-history":[{"count":0,"href":"https:\/\/www.europesays.com\/pt\/wp-json\/wp\/v2\/posts\/27743\/revisions"}],"wp:featuredmedia":[{"embeddable":true,"href":"https:\/\/www.europesays.com\/pt\/wp-json\/wp\/v2\/media\/27744"}],"wp:attachment":[{"href":"https:\/\/www.europesays.com\/pt\/wp-json\/wp\/v2\/media?parent=27743"}],"wp:term":[{"taxonomy":"category","embeddable":true,"href":"https:\/\/www.europesays.com\/pt\/wp-json\/wp\/v2\/categories?post=27743"},{"taxonomy":"post_tag","embeddable":true,"href":"https:\/\/www.europesays.com\/pt\/wp-json\/wp\/v2\/tags?post=27743"}],"curies":[{"name":"wp","href":"https:\/\/api.w.org\/{rel}","templated":true}]}}