{"id":277460,"date":"2026-02-20T16:56:08","date_gmt":"2026-02-20T16:56:08","guid":{"rendered":"https:\/\/www.europesays.com\/pt\/277460\/"},"modified":"2026-02-20T16:56:08","modified_gmt":"2026-02-20T16:56:08","slug":"daniel-radcliffe-brinca-que-teria-sido-o-homem-aranha-perfeito-e-explica-por-que","status":"publish","type":"post","link":"https:\/\/www.europesays.com\/pt\/277460\/","title":{"rendered":"Daniel Radcliffe brinca que teria sido o Homem-Aranha &#8220;perfeito&#8221; e explica por qu\u00ea"},"content":{"rendered":"<p class=\"wp-block-yoast-seo-estimated-reading-time yoast-reading-time__wrapper\">Estimated reading time: 2 minutos<\/p>\n<p>Mais conhecido por seu protagonismo nos filmes de <strong>Harry Potter<\/strong>, secretamente, <a href=\"https:\/\/ovicio.com.br\/tag\/daniel-radcliffe\" target=\"_blank\" rel=\"noreferrer noopener nofollow\">Daniel Radcliffe<\/a> j\u00e1 considerou viver um her\u00f3i nas telonas, e at\u00e9 brinca que teria sido o <a href=\"https:\/\/ovicio.com.br\/tag\/homem-aranha\" target=\"_blank\" rel=\"noreferrer noopener nofollow\">Homem-Aranha<\/a> &#8220;perfeito&#8221;.<\/p>\n<p>Enquanto segue atuando em projetos diversos, o ator concedeu uma recente entrevista ao site Screen Rant, citando que suas &#8220;dimens\u00f5es&#8221; s\u00e3o muito semelhantes ao do Amig\u00e3o da Vizinhan\u00e7a.<\/p>\n<p><strong>&#8220;[Minhas dimens\u00f5es me tornariam] perfeito para o papel de Homem-Aranha. Mas acho que essa oportunidade j\u00e1 passou, a menos que um dia eles fa\u00e7am uma vers\u00e3o geri\u00e1trica dele.&#8221;<\/strong><\/p>\n<p>O ator se refere \u00e0 sua estatura de 1,65 e ao fato de Peter Parker n\u00e3o ser considerado uma figura t\u00e3o alta nos quadrinhos, se sobressaindo por seu f\u00edsico atl\u00e9tico e sua agilidade.<\/p>\n<p>O v\u00eddeo completo da entrevista pode ser visualizado logo abaixo:<\/p>\n<p>Atualmente,<strong> Radcliffe<\/strong> \u00e9 apontado pelos f\u00e3s como o int\u00e9rprete ideal para a pr\u00f3xima vers\u00e3o do <a href=\"https:\/\/ovicio.com.br\/tag\/wolverine\" rel=\"nofollow noopener\" target=\"_blank\">Wolverine<\/a> nos cinemas, e o pr\u00f3prio ator j\u00e1 sugeriu que n\u00e3o descartaria a oportunidade para o reboot de <a href=\"https:\/\/ovicio.com.br\/tag\/x-men\" target=\"_blank\" rel=\"noreferrer noopener nofollow\">X-Men<\/a>.<\/p>\n<p>Enquanto isso, o Cabe\u00e7a de Teia segue sendo interpretado por <strong>Tom Holland<\/strong> nas telonas, que vestir\u00e1 em breve o manto do her\u00f3i novamente em <a href=\"https:\/\/ovicio.com.br\/tag\/homem-aranha-um-novo-dia\" target=\"_blank\" rel=\"noreferrer noopener nofollow\">Homem-Aranha: Um Novo Dia (2026)<\/a>.<\/p>\n<p>A nova colabora\u00e7\u00e3o entre a <a href=\"https:\/\/ovicio.com.br\/tag\/marvel-studios\" target=\"_blank\" rel=\"noreferrer noopener nofollow\">Marvel Studios<\/a> e a <strong>Sony Pictures<\/strong> chegar\u00e1 aos cinemas em 31 de julho deste ano.<\/p>\n<p>Leia mais sobre Daniel Radcliffe e o Homem-Aranha:<\/p>\n<p><strong>Fonte: <\/strong><a href=\"https:\/\/www.youtube.com\/watch?v=Zm-uhRPFYF0&amp;t=19s\" target=\"_blank\" rel=\"noreferrer noopener nofollow\">Screen Rant<\/a>.<\/p>\n","protected":false},"excerpt":{"rendered":"Estimated reading time: 2 minutos Mais conhecido por seu protagonismo nos filmes de Harry Potter, secretamente, Daniel Radcliffe&hellip;\n","protected":false},"author":2,"featured_media":277461,"comment_status":"","ping_status":"","sticky":false,"template":"","format":"standard","meta":{"footnotes":"","_share_on_mastodon":"0"},"categories":[140],"tags":[15628,114,115,147,148,700,5814,792,12733,146,32,33],"class_list":["post-277460","post","type-post","status-publish","format-standard","has-post-thumbnail","category-filmes","tag-daniel-radcliffe","tag-entertainment","tag-entretenimento","tag-film","tag-filmes","tag-harry-potter","tag-homem-aranha","tag-marvel","tag-marvel-studios","tag-movies","tag-portugal","tag-pt"],"share_on_mastodon":{"url":"https:\/\/pubeurope.com\/@pt\/116104015628814626","error":""},"_links":{"self":[{"href":"https:\/\/www.europesays.com\/pt\/wp-json\/wp\/v2\/posts\/277460","targetHints":{"allow":["GET"]}}],"collection":[{"href":"https:\/\/www.europesays.com\/pt\/wp-json\/wp\/v2\/posts"}],"about":[{"href":"https:\/\/www.europesays.com\/pt\/wp-json\/wp\/v2\/types\/post"}],"author":[{"embeddable":true,"href":"https:\/\/www.europesays.com\/pt\/wp-json\/wp\/v2\/users\/2"}],"replies":[{"embeddable":true,"href":"https:\/\/www.europesays.com\/pt\/wp-json\/wp\/v2\/comments?post=277460"}],"version-history":[{"count":0,"href":"https:\/\/www.europesays.com\/pt\/wp-json\/wp\/v2\/posts\/277460\/revisions"}],"wp:featuredmedia":[{"embeddable":true,"href":"https:\/\/www.europesays.com\/pt\/wp-json\/wp\/v2\/media\/277461"}],"wp:attachment":[{"href":"https:\/\/www.europesays.com\/pt\/wp-json\/wp\/v2\/media?parent=277460"}],"wp:term":[{"taxonomy":"category","embeddable":true,"href":"https:\/\/www.europesays.com\/pt\/wp-json\/wp\/v2\/categories?post=277460"},{"taxonomy":"post_tag","embeddable":true,"href":"https:\/\/www.europesays.com\/pt\/wp-json\/wp\/v2\/tags?post=277460"}],"curies":[{"name":"wp","href":"https:\/\/api.w.org\/{rel}","templated":true}]}}