{"id":27755,"date":"2025-08-13T16:00:17","date_gmt":"2025-08-13T16:00:17","guid":{"rendered":"https:\/\/www.europesays.com\/pt\/27755\/"},"modified":"2025-08-13T16:00:17","modified_gmt":"2025-08-13T16:00:17","slug":"como-8-mil-euros-podem-ser-o-passaporte-para-mais-liberdade-financeira-ou-para-mais-stress","status":"publish","type":"post","link":"https:\/\/www.europesays.com\/pt\/27755\/","title":{"rendered":"Como 8 mil euros podem ser o passaporte para mais liberdade financeira\u2026 ou para mais stress"},"content":{"rendered":"<p>Ficar sem nada e recome\u00e7ar as poupan\u00e7as do zero n\u00e3o \u00e9 um risco? E investir? Pedro Andersson responde a estas d\u00favidas neste epis\u00f3dio do Vamos a Contas.<\/p>\n<p>Boas poupan\u00e7as!<\/p>\n<p>Partilhe este podcast com os seus amigos. Aceite esta boleia financeira para melhorar a sua vida.<\/p>\n<p>Este epis\u00f3dio contou com sonoplastia de Filipe Cruz. Envie a sua pergunta em \u00e1udio por whatsapp 927753737.<\/p>\n<p>Como poupar nas f\u00e9rias- Dicas pr\u00e1ticas<\/p>\n<p>Contas-poupan\u00e7a \u00e9 um podcast de Pedro Andersson, jornalista especializado em Finan\u00e7as Pessoais, que aproveita as suas viagens de carro para falar sobre dinheiro. Todas as segundas-feiras e quartas-feiras \u00e0s 7h, uma nova boleia para come\u00e7ar bem a sua semana financeira. Dispon\u00edvel em todas as aplica\u00e7\u00f5es de podcast e nos sites da SIC Not\u00edcias e Expresso.<\/p>\n","protected":false},"excerpt":{"rendered":"Ficar sem nada e recome\u00e7ar as poupan\u00e7as do zero n\u00e3o \u00e9 um risco? E investir? Pedro Andersson responde&hellip;\n","protected":false},"author":2,"featured_media":27756,"comment_status":"","ping_status":"","sticky":false,"template":"","format":"standard","meta":{"footnotes":""},"categories":[83],"tags":[88,89,90,32,33],"class_list":{"0":"post-27755","1":"post","2":"type-post","3":"status-publish","4":"format-standard","5":"has-post-thumbnail","7":"category-empresas","8":"tag-business","9":"tag-economy","10":"tag-empresas","11":"tag-portugal","12":"tag-pt"},"share_on_mastodon":{"url":"","error":""},"_links":{"self":[{"href":"https:\/\/www.europesays.com\/pt\/wp-json\/wp\/v2\/posts\/27755","targetHints":{"allow":["GET"]}}],"collection":[{"href":"https:\/\/www.europesays.com\/pt\/wp-json\/wp\/v2\/posts"}],"about":[{"href":"https:\/\/www.europesays.com\/pt\/wp-json\/wp\/v2\/types\/post"}],"author":[{"embeddable":true,"href":"https:\/\/www.europesays.com\/pt\/wp-json\/wp\/v2\/users\/2"}],"replies":[{"embeddable":true,"href":"https:\/\/www.europesays.com\/pt\/wp-json\/wp\/v2\/comments?post=27755"}],"version-history":[{"count":0,"href":"https:\/\/www.europesays.com\/pt\/wp-json\/wp\/v2\/posts\/27755\/revisions"}],"wp:featuredmedia":[{"embeddable":true,"href":"https:\/\/www.europesays.com\/pt\/wp-json\/wp\/v2\/media\/27756"}],"wp:attachment":[{"href":"https:\/\/www.europesays.com\/pt\/wp-json\/wp\/v2\/media?parent=27755"}],"wp:term":[{"taxonomy":"category","embeddable":true,"href":"https:\/\/www.europesays.com\/pt\/wp-json\/wp\/v2\/categories?post=27755"},{"taxonomy":"post_tag","embeddable":true,"href":"https:\/\/www.europesays.com\/pt\/wp-json\/wp\/v2\/tags?post=27755"}],"curies":[{"name":"wp","href":"https:\/\/api.w.org\/{rel}","templated":true}]}}