{"id":27761,"date":"2025-08-13T16:09:11","date_gmt":"2025-08-13T16:09:11","guid":{"rendered":"https:\/\/www.europesays.com\/pt\/27761\/"},"modified":"2025-08-13T16:09:11","modified_gmt":"2025-08-13T16:09:11","slug":"rafa-kalimann-e-nattanzinho-fazem-enxoval-da-primeira-filha-em-orlando","status":"publish","type":"post","link":"https:\/\/www.europesays.com\/pt\/27761\/","title":{"rendered":"Rafa Kalimann e Nattanzinho fazem enxoval da primeira filha em Orlando"},"content":{"rendered":"\n<p class=\" content-text__container theme-color-primary-first-letter\" data-track-category=\"Link no Texto\" data-track-links=\"\"> A influenciadora <strong>Rafa Kalimann <\/strong>e o cantor <strong>Nattanzinho <\/strong>passaram por Orlando para organizar o enxoval da primeira filha do casal, que receber\u00e1 o nome Zuza. Durante cerca de duas horas, eles visitaram a MacroBaby, uma das principais lojas de produtos infantis da cidade, onde escolheram diversos itens para a chegada da beb\u00ea, prevista para ainda este ano. <\/p>\n<ul class=\"content-unordered-list\">\n<li><strong>Quem \u00e9 Danilo Mesquita, <\/strong><a class=\"\" href=\"https:\/\/oglobo.globo.com\/ela\/noticia\/2025\/08\/13\/quem-e-danilo-mesquita-ator-envolvido-em-rumores-de-affair-com-bruna-marquezine.ghtml\" rel=\"nofollow noopener\" target=\"_blank\"><strong>ator envolvido em rumores de affair com Bruna Marquezine<\/strong><\/a><\/li>\n<li><strong>Veja: <\/strong><a class=\"\" href=\"https:\/\/oglobo.globo.com\/ela\/noticia\/2025\/08\/13\/pedro-andrade-namorado-de-sandy-faz-rara-declaracao-sobre-a-cantora-veja.ghtml\" rel=\"nofollow noopener\" target=\"_blank\"><strong>Pedro Andrade, namorado de Sandy, faz rara declara\u00e7\u00e3o sobre a cantora<\/strong><\/a><\/li>\n<\/ul>\n<p class=\" content-text__container \" data-track-category=\"Link no Texto\" data-track-links=\"\"> Acompanhados por familiares, Rafa esteve ao lado da m\u00e3e, da irm\u00e3 Marcella e outras pessoas pr\u00f3ximas, enquanto Nattanzinho foi acompanhado por sua m\u00e3e. Durante a visita, o casal selecionou novidades e produtos tecnol\u00f3gicos, buscando o que h\u00e1 de mais moderno para a pequena Zuza. <\/p>\n<p class=\" content-text__container \" data-track-category=\"Link no Texto\" data-track-links=\"\"> Rafa comentou sobre a coincid\u00eancia da viagem, que ocorreu em per\u00edodo semelhante ao do ano anterior. &#8220;Olha a gente aqui de novo! No ano passado, a Marcella estava gr\u00e1vida e eu a acompanhei. Agora, ela me acompanha nessa fase. Ambas estamos com dezenove semanas de gesta\u00e7\u00e3o&#8221;, disse. <\/p>\n<p class=\" content-text__container \" data-track-category=\"Link no Texto\" data-track-links=\"\"> A ex-BBB destacou ainda o motivo da escolha da loja para montar o enxoval: &#8220;Viemos em outubro do ano passado, e agora retornamos com a Zuzinha para preparar tudo para a Zuza. A MacroBaby oferece o que h\u00e1 de mais novo, tecnol\u00f3gico e exclusivo.&#8221; <\/p>\n<p>      <img decoding=\"async\" class=\"content-media__image\"  src=\"https:\/\/www.europesays.com\/pt\/wp-content\/uploads\/2025\/08\/whatsapp-image-2025-08-13-at-10.52.50.jpeg\" alt=\"Rafa Kalimann organiza enxoval da filha, Zuza, em viagem a Orlando \u2014 Foto: Divulga\u00e7\u00e3o\" width=\"3183\" height=\"4562\" loading=\"lazy\"\/>  Rafa Kalimann organiza enxoval da filha, Zuza, em viagem a Orlando \u2014 Foto: Divulga\u00e7\u00e3o       <\/p>\n<p class=\" content-text__container \" data-track-category=\"Link no Texto\" data-track-links=\"\"> Marcella, que no ano anterior estava gr\u00e1vida do filho Gustavo, relatou que a experi\u00eancia com o enxoval ajudou nas decis\u00f5es da irm\u00e3: &#8220;O Gustavo j\u00e1 nasceu e usa tudo que compramos. Com essa viv\u00eancia, passei muitas dicas para a Rafa. O que antes eu considerava sup\u00e9rfluo, ela j\u00e1 analisou de forma consciente, e o pai dela tamb\u00e9m ajudou bastante.&#8221; <\/p>\n<p class=\" content-text__container \" data-track-category=\"Link no Texto\" data-track-links=\"\"> Rafa ainda ressaltou as novidades encontradas na loja. &#8220;Selecionamos v\u00e1rios lan\u00e7amentos recentes, muitos exclusivos da MacroBaby. Al\u00e9m disso, o atendimento das equipes \u00e9 sempre muito atencioso, o que torna a experi\u00eancia ainda mais especial&#8221;, destacou. <\/p>\n<p>      <img decoding=\"async\" class=\"content-media__image\"  src=\"https:\/\/www.europesays.com\/pt\/wp-content\/uploads\/2025\/08\/whatsapp-image-2025-08-13-at-10.52.49-1-.jpeg\" alt=\"Influenciadora Rafa Kalimann e Nattanzinho escolhem enxoval para filha em Orlando \u2014 Foto: Divulga\u00e7\u00e3o\" width=\"4284\" height=\"3805\" loading=\"lazy\"\/>  Influenciadora Rafa Kalimann e Nattanzinho escolhem enxoval para filha em Orlando \u2014 Foto: Divulga\u00e7\u00e3o       <\/p>\n","protected":false},"excerpt":{"rendered":"A influenciadora Rafa Kalimann e o cantor Nattanzinho passaram por Orlando para organizar o enxoval da primeira filha&hellip;\n","protected":false},"author":2,"featured_media":27762,"comment_status":"","ping_status":"","sticky":false,"template":"","format":"standard","meta":{"footnotes":""},"categories":[145],"tags":[211,210,114,115,319,32,33,318],"class_list":{"0":"post-27761","1":"post","2":"type-post","3":"status-publish","4":"format-standard","5":"has-post-thumbnail","7":"category-celebridades","8":"tag-celebridades","9":"tag-celebrities","10":"tag-entertainment","11":"tag-entretenimento","12":"tag-hard-news","13":"tag-portugal","14":"tag-pt","15":"tag-radar"},"share_on_mastodon":{"url":"","error":""},"_links":{"self":[{"href":"https:\/\/www.europesays.com\/pt\/wp-json\/wp\/v2\/posts\/27761","targetHints":{"allow":["GET"]}}],"collection":[{"href":"https:\/\/www.europesays.com\/pt\/wp-json\/wp\/v2\/posts"}],"about":[{"href":"https:\/\/www.europesays.com\/pt\/wp-json\/wp\/v2\/types\/post"}],"author":[{"embeddable":true,"href":"https:\/\/www.europesays.com\/pt\/wp-json\/wp\/v2\/users\/2"}],"replies":[{"embeddable":true,"href":"https:\/\/www.europesays.com\/pt\/wp-json\/wp\/v2\/comments?post=27761"}],"version-history":[{"count":0,"href":"https:\/\/www.europesays.com\/pt\/wp-json\/wp\/v2\/posts\/27761\/revisions"}],"wp:featuredmedia":[{"embeddable":true,"href":"https:\/\/www.europesays.com\/pt\/wp-json\/wp\/v2\/media\/27762"}],"wp:attachment":[{"href":"https:\/\/www.europesays.com\/pt\/wp-json\/wp\/v2\/media?parent=27761"}],"wp:term":[{"taxonomy":"category","embeddable":true,"href":"https:\/\/www.europesays.com\/pt\/wp-json\/wp\/v2\/categories?post=27761"},{"taxonomy":"post_tag","embeddable":true,"href":"https:\/\/www.europesays.com\/pt\/wp-json\/wp\/v2\/tags?post=27761"}],"curies":[{"name":"wp","href":"https:\/\/api.w.org\/{rel}","templated":true}]}}