{"id":277714,"date":"2026-02-20T21:07:14","date_gmt":"2026-02-20T21:07:14","guid":{"rendered":"https:\/\/www.europesays.com\/pt\/277714\/"},"modified":"2026-02-20T21:07:14","modified_gmt":"2026-02-20T21:07:14","slug":"fabio-responde-com-toda-a-verdade-sobre-relacao-com-liliana-acabamos-o-que-acontecer-sera-partilhado-primeira-companhia","status":"publish","type":"post","link":"https:\/\/www.europesays.com\/pt\/277714\/","title":{"rendered":"F\u00e1bio responde com toda a verdade sobre rela\u00e7\u00e3o com Liliana: \u00abAcab\u00e1mos (&#8230;) O que acontecer ser\u00e1 partilhado\u00bb &#8211; Primeira Companhia"},"content":{"rendered":"<p data-end=\"220\" data-start=\"97\"><strong>Depois dos rumores que davam conta de uma alegada separa\u00e7\u00e3o,<\/strong> F\u00e1bio Pereira decidiu colocar um ponto final nas especula\u00e7\u00f5es.<\/p>\n<p data-end=\"528\" data-start=\"222\">O ex-concorrente do <strong data-end=\"283\" data-start=\"242\">Secret Story 9<\/strong>, reality show da <strong data-end=\"342\" data-start=\"301\">TVI<\/strong>, abriu uma caixa de perguntas nas stories do <strong data-end=\"429\" data-start=\"388\">Instagram<\/strong> e foi diretamente confrontado com a quest\u00e3o que muitos j\u00e1 tinham visto circular nas redes sociais.<\/p>\n<p data-end=\"780\" data-start=\"530\">\u00abVoc\u00eas est\u00e3o bem? No Facebook estava a not\u00edcia que a Liliana tinha acabado. \u00c9 mentira, certo?\u00bb, perguntou um seguidor, referindo-se \u00e0 rela\u00e7\u00e3o com <strong data-end=\"717\" data-start=\"676\">Liliana Oliveira<\/strong>, que come\u00e7ou precisamente dentro da casa mais vigiada do pa\u00eds.<\/p>\n<p data-end=\"1003\" data-start=\"782\">F\u00e1bio n\u00e3o fugiu \u00e0 quest\u00e3o e respondeu com o seu habitual sentido de humor: \u00abAcab\u00e1mos\u2026 de almo\u00e7ar e de sair de casa. N\u00e3o acreditem em tudo o que leem. O que acontecer ser\u00e1 partilhado primeiro por n\u00f3s, n\u00e3o por terceiros\u00bb.<strong> <\/strong>Assim, o<strong> <a href=\"https:\/\/tvi.iol.pt\/primeiracompanhia\/fabio\/liliana\/dia-dos-namorados-fabio-prepara-surpresa-com-100-rosas-vermelhas-para-liliana-e-deixa-a-sem-palavras\" rel=\"nofollow noopener\" target=\"_blank\">ex-concorrente confirmou que a rela\u00e7\u00e3o mant\u00e9m-se e que o casal continua unido.<\/a><\/strong><\/p>\n<p data-end=\"1132\" data-start=\"1118\">Veja em baixo:<\/p>\n<p><img loading=\"lazy\" decoding=\"async\" alt=\"\" height=\"313\" src=\"https:\/\/www.europesays.com\/pt\/wp-content\/uploads\/2026\/02\/Screenshot_20260220_154003_Instagram.jpg\" width=\"182\"\/><br \/>\n\u00a0<br \/>\nPresente de mais de 1300 euros. Liliana deixa F\u00e1bio sem rea\u00e7\u00e3o no Dia dos Namorados <\/p>\n<p style=\"margin-bottom: 11px;\"><strong>Liliana<\/strong> e <strong>F\u00e1bio v<\/strong>iveram o seu primeiro Dia dos Namorados com muitas surpresas. Os dois concorrentes do Secret Story empenharam-se muito na hora da troca de presentes.<\/p>\n<p>Se F\u00e1bio ofereceu a Liliana um ramo de 100 rosas vermelhas, Liliana \u2018abriu os cord\u00f5es \u00e0 bolsa\u2019. Liliana ofereceu a F\u00e1bio um Iphone 17 Pro, um smartphone de \u00faltima gera\u00e7\u00e3o, com um pre\u00e7o de luxo: Mais de 1300 euros.<\/p>\n<p>\u00abQue seja o 1\u00ba ano de muitos \ud83e\udd0dAmo-te beb\u00e9\u00bb, escreveu Liliana, em resumo.\u00a0<\/p>\n<p>Dia dos Namorados: F\u00e1bio prepara surpresa com 100 rosas vermelhas para Liliana e deixa-a sem palavras <\/p>\n<p style=\"margin-bottom:11px\">O S\u00e3o Valentim chegou. Hoje, dia 14 de fevereiro, assinala-se o Dia dos Namorados e F\u00e1bio preparou uma surpresa muito rom\u00e2ntica para a namorada Liliana. O casal, que se apaixonou no \u00faltimo Secret Story, viveu um momento \u00fanico na margem do rio Douro, junto ao Cais de Gaia.<\/p>\n<p>F\u00e1bio ofereceu a Liliana um ramo de 100 rosas vermelhas, que tamb\u00e9m trazia uma coroa.<\/p>\n<p>\u00abNo Cais de Gaia, onde o Douro corre devagar, preparei uma surpresa para quem faz o meu cora\u00e7\u00e3o parar todos os dias. \ud83c\udf39\u2764\ufe0f<br \/>\u00a0<\/p>\n<p>100 rosas vermelhas para tentar explicar aquilo que as palavras nem sempre conseguem\u2026 que te amo hoje, amanh\u00e3 e em todos os dias que vierem.<\/p>\n<p>Obrigado \u00e0\u00a0<a href=\"https:\/\/www.instagram.com\/fiori_flowersdecor\/\" role=\"link\" tabindex=\"0\" rel=\"nofollow noopener\" target=\"_blank\">@fiori_flowersdecor<\/a>\u00a0por ajudar a transformar este momento num dos mais bonitos da nossa hist\u00f3ria. \u2728<\/p>\n<p>\u00a0<\/p>\n<p>H\u00e1 amores que merecem ser vividos assim, intensamente.\u00bb, escreveu.\u00a0<\/p>\n<p>\u00a0<\/p>\n<p><strong>Veja aqui o v\u00eddeo do momento especial:<\/strong><\/p>\n<p>                        <script async src=\"\/\/www.instagram.com\/embed.js\"><\/script><\/p>\n","protected":false},"excerpt":{"rendered":"Depois dos rumores que davam conta de uma alegada separa\u00e7\u00e3o, F\u00e1bio Pereira decidiu colocar um ponto final nas&hellip;\n","protected":false},"author":2,"featured_media":248709,"comment_status":"","ping_status":"","sticky":false,"template":"","format":"standard","meta":{"footnotes":"","_share_on_mastodon":"0"},"categories":[142],"tags":[41536,114,115,18705,32,33,151,41535],"class_list":["post-277714","post","type-post","status-publish","format-standard","has-post-thumbnail","category-tv","tag-bastidores-da-recruta","tag-entertainment","tag-entretenimento","tag-entrevistas-concorrentes-tvi","tag-portugal","tag-pt","tag-tv","tag-vida-fora-da-base"],"share_on_mastodon":{"url":"https:\/\/pubeurope.com\/@pt\/116105002606602157","error":""},"_links":{"self":[{"href":"https:\/\/www.europesays.com\/pt\/wp-json\/wp\/v2\/posts\/277714","targetHints":{"allow":["GET"]}}],"collection":[{"href":"https:\/\/www.europesays.com\/pt\/wp-json\/wp\/v2\/posts"}],"about":[{"href":"https:\/\/www.europesays.com\/pt\/wp-json\/wp\/v2\/types\/post"}],"author":[{"embeddable":true,"href":"https:\/\/www.europesays.com\/pt\/wp-json\/wp\/v2\/users\/2"}],"replies":[{"embeddable":true,"href":"https:\/\/www.europesays.com\/pt\/wp-json\/wp\/v2\/comments?post=277714"}],"version-history":[{"count":0,"href":"https:\/\/www.europesays.com\/pt\/wp-json\/wp\/v2\/posts\/277714\/revisions"}],"wp:featuredmedia":[{"embeddable":true,"href":"https:\/\/www.europesays.com\/pt\/wp-json\/wp\/v2\/media\/248709"}],"wp:attachment":[{"href":"https:\/\/www.europesays.com\/pt\/wp-json\/wp\/v2\/media?parent=277714"}],"wp:term":[{"taxonomy":"category","embeddable":true,"href":"https:\/\/www.europesays.com\/pt\/wp-json\/wp\/v2\/categories?post=277714"},{"taxonomy":"post_tag","embeddable":true,"href":"https:\/\/www.europesays.com\/pt\/wp-json\/wp\/v2\/tags?post=277714"}],"curies":[{"name":"wp","href":"https:\/\/api.w.org\/{rel}","templated":true}]}}