{"id":277921,"date":"2026-02-21T00:41:10","date_gmt":"2026-02-21T00:41:10","guid":{"rendered":"https:\/\/www.europesays.com\/pt\/277921\/"},"modified":"2026-02-21T00:41:10","modified_gmt":"2026-02-21T00:41:10","slug":"pedro-jorge-faz-confissao-inesperada-sobre-miguel-vicente-tem-la-o-registo-das-mensagens-primeira-companhia","status":"publish","type":"post","link":"https:\/\/www.europesays.com\/pt\/277921\/","title":{"rendered":"Pedro Jorge faz confiss\u00e3o inesperada sobre Miguel Vicente: \u00abTem l\u00e1 o registo das mensagens\u00bb &#8211; Primeira Companhia"},"content":{"rendered":"<p style=\"margin-bottom:11px\"><strong>Pedro Jorge e Miguel Vicente<\/strong>, ambos vencedores de Reality shows da TVI, <strong>estiveram juntos pela primeira vez na edi\u00e7\u00e3o especial de anivers\u00e1rio da esta\u00e7\u00e3o.<\/strong> Mas antes de Pedro entrar na casa mais vigiada do Pa\u00eds<strong> j\u00e1 havia algo que os unia.<\/strong> No final da tarde, desta sexta-feira, dia 20 de fevereiro,<strong> Pedro<\/strong> esclareceu algo que nunca tinha dito antes: <strong>\u00e9 um grande f\u00e3 de Miguel Vicente.<\/strong><\/p>\n<p>Na tarde desta sexta-feira, dia 20 de fevereiro, em entrevista com Cristina Ferreira,<strong> Pedro Jorge surpreendeu ao confessar que<\/strong>, antes de entrar na casa mais vigiada do pa\u00eds, <strong>era um assumido admirador de Miguel Vicente:<\/strong><\/p>\n<p>\u00abEra super f\u00e3 na altura. Era super f\u00e3. Inclusive ele tem l\u00e1 o registo das mensagens e que era super apoiante.\u00bb, contou Pedro Jorge.<\/p>\n<p>A revela\u00e7\u00e3o arrancou sorrisos, mas <strong>Miguel Vicente n\u00e3o ficou atr\u00e1s e retribuiu o elogio, confessando que o sentimento era m\u00fatuo. <\/strong>O vencedor admitiu que tamb\u00e9m <strong>acompanhou de perto a participa\u00e7\u00e3o de Pedro Jorge e de Marisa, <\/strong>e revelou ainda que a sua noiva Beatriz partilha o mesmo entusiasmo:<\/p>\n<p>\u00abE agora \u00e9 o contr\u00e1rio porque eu tamb\u00e9m gostei do Pedro e da Marisa. E a Beatriz, a minha minha companheira, a minha noiva tamb\u00e9m \u00e9 super f\u00e3 do casal.\u00bb, contou o ex-concorrente.<\/p>\n<p><strong>Veja aqui o momento:<\/strong><\/p>\n<p>\u00a0<\/p>\n","protected":false},"excerpt":{"rendered":"Pedro Jorge e Miguel Vicente, ambos vencedores de Reality shows da TVI, estiveram juntos pela primeira vez na&hellip;\n","protected":false},"author":2,"featured_media":277922,"comment_status":"","ping_status":"","sticky":false,"template":"","format":"standard","meta":{"footnotes":"","_share_on_mastodon":"0"},"categories":[142],"tags":[41536,114,115,18705,9102,21416,32,33,151,41535],"class_list":["post-277921","post","type-post","status-publish","format-standard","has-post-thumbnail","category-tv","tag-bastidores-da-recruta","tag-entertainment","tag-entretenimento","tag-entrevistas-concorrentes-tvi","tag-miguel-vicente","tag-pedro-jorge","tag-portugal","tag-pt","tag-tv","tag-vida-fora-da-base"],"share_on_mastodon":{"url":"https:\/\/pubeurope.com\/@pt\/116105844070682083","error":""},"_links":{"self":[{"href":"https:\/\/www.europesays.com\/pt\/wp-json\/wp\/v2\/posts\/277921","targetHints":{"allow":["GET"]}}],"collection":[{"href":"https:\/\/www.europesays.com\/pt\/wp-json\/wp\/v2\/posts"}],"about":[{"href":"https:\/\/www.europesays.com\/pt\/wp-json\/wp\/v2\/types\/post"}],"author":[{"embeddable":true,"href":"https:\/\/www.europesays.com\/pt\/wp-json\/wp\/v2\/users\/2"}],"replies":[{"embeddable":true,"href":"https:\/\/www.europesays.com\/pt\/wp-json\/wp\/v2\/comments?post=277921"}],"version-history":[{"count":0,"href":"https:\/\/www.europesays.com\/pt\/wp-json\/wp\/v2\/posts\/277921\/revisions"}],"wp:featuredmedia":[{"embeddable":true,"href":"https:\/\/www.europesays.com\/pt\/wp-json\/wp\/v2\/media\/277922"}],"wp:attachment":[{"href":"https:\/\/www.europesays.com\/pt\/wp-json\/wp\/v2\/media?parent=277921"}],"wp:term":[{"taxonomy":"category","embeddable":true,"href":"https:\/\/www.europesays.com\/pt\/wp-json\/wp\/v2\/categories?post=277921"},{"taxonomy":"post_tag","embeddable":true,"href":"https:\/\/www.europesays.com\/pt\/wp-json\/wp\/v2\/tags?post=277921"}],"curies":[{"name":"wp","href":"https:\/\/api.w.org\/{rel}","templated":true}]}}