{"id":278169,"date":"2026-02-21T04:48:08","date_gmt":"2026-02-21T04:48:08","guid":{"rendered":"https:\/\/www.europesays.com\/pt\/278169\/"},"modified":"2026-02-21T04:48:08","modified_gmt":"2026-02-21T04:48:08","slug":"desaparecido-dos-ecras-ha-25-anos-marta-cardoso-revela-o-que-e-feito-de-ze-maria-primeira-companhia","status":"publish","type":"post","link":"https:\/\/www.europesays.com\/pt\/278169\/","title":{"rendered":"Desaparecido dos ecr\u00e3s h\u00e1 25 Anos: Marta Cardoso revela o que \u00e9 feito de Z\u00e9 Maria &#8211; Primeira Companhia"},"content":{"rendered":"<p style=\"margin-bottom:11px\">Passaram 25 anos desde <strong>a primeira edi\u00e7\u00e3o do Big Brother em Portugal<\/strong>, e o nome de <strong>Z\u00e9 Maria continua a despertar curiosidade<\/strong>. O vencedor do hist\u00f3rico reality show da TVI <strong>mant\u00e9m-se longe dos holofotes<\/strong>, mas quem garante que est\u00e1 bem \u00e9<strong> Marta Cardoso,<\/strong> uma das concorrentes dessa edi\u00e7\u00e3o que se tornou <strong>uma das apresentadoras de refer\u00eancia da esta\u00e7\u00e3o.<\/strong><\/p>\n<p><a href=\"https:\/\/tvi.iol.pt\/primeiracompanhia\/search?pagina=1&amp;pesquisa=marta+cardoso\" rel=\"nofollow noopener\" target=\"_blank\">Marta Cardoso<\/a> <strong>garantiu que continua a manter contacto com o ex-concorrente:<\/strong><\/p>\n<p>\u00abEle est\u00e1, de facto, bem. Vamos tendo as mesmas conversas parvas que t\u00ednhamos no &#8220;Big Brother&#8221;, manda-me fotografias dos c\u00e3es, das flores, vou participando na vida dele dentro do que posso. E n\u00e3o o vejo mais porque Barrancos \u00e9 muito longe, n\u00e3o \u00e9 um s\u00edtio onde passe muitas vezes e ele tamb\u00e9m n\u00e3o vem c\u00e1 muito\u00bb, contou <strong>Marta Cardoso \u00e0 revista TV Guia.<\/strong><\/p>\n<p><a href=\"https:\/\/tvi.iol.pt\/primeiracompanhia\/search?pagina=1&amp;pesquisa=marta+cardoso\" rel=\"nofollow noopener\" target=\"_blank\">A apresentadora<\/a> esclareceu <strong>ainda que o afastamento medi\u00e1tico de Z\u00e9 Maria \u00e9 uma op\u00e7\u00e3o deliberada e consciente<\/strong>, pedindo que seja respeitada. Uma postura que, segundo Marta, \u00e9 ali\u00e1s comum a v\u00e1rios participantes daquela edi\u00e7\u00e3o:<\/p>\n<p>\u00abMas vou sabendo dele, vou sabendo que est\u00e1 bem. E h\u00e1 uma coisa que eu percebo que seja dif\u00edcil as pessoas entenderem, mas isto \u00e9 um bocadinho transversal a todos os concorrentes do primeiro &#8220;Big Brother&#8221;: fomos atr\u00e1s de uma experi\u00eancia, vivemos o que t\u00ednhamos de viver e rapidamente cada um voltou \u00e0 sua vida e deixem-nos estar porque s\u00f3 fomos viver uma experi\u00eancia.\u00bb, concluiu.<\/p>\n<p style=\"margin-bottom:11px\">\u00a0<\/p>\n","protected":false},"excerpt":{"rendered":"Passaram 25 anos desde a primeira edi\u00e7\u00e3o do Big Brother em Portugal, e o nome de Z\u00e9 Maria&hellip;\n","protected":false},"author":2,"featured_media":278170,"comment_status":"","ping_status":"","sticky":false,"template":"","format":"standard","meta":{"footnotes":"","_share_on_mastodon":"0"},"categories":[85],"tags":[41536,114,115,18705,19019,32,33,41535,50660],"class_list":["post-278169","post","type-post","status-publish","format-standard","has-post-thumbnail","category-entretenimento","tag-bastidores-da-recruta","tag-entertainment","tag-entretenimento","tag-entrevistas-concorrentes-tvi","tag-marta-cardoso","tag-portugal","tag-pt","tag-vida-fora-da-base","tag-ze-maria"],"share_on_mastodon":{"url":"https:\/\/pubeurope.com\/@pt\/116106815230375332","error":""},"_links":{"self":[{"href":"https:\/\/www.europesays.com\/pt\/wp-json\/wp\/v2\/posts\/278169","targetHints":{"allow":["GET"]}}],"collection":[{"href":"https:\/\/www.europesays.com\/pt\/wp-json\/wp\/v2\/posts"}],"about":[{"href":"https:\/\/www.europesays.com\/pt\/wp-json\/wp\/v2\/types\/post"}],"author":[{"embeddable":true,"href":"https:\/\/www.europesays.com\/pt\/wp-json\/wp\/v2\/users\/2"}],"replies":[{"embeddable":true,"href":"https:\/\/www.europesays.com\/pt\/wp-json\/wp\/v2\/comments?post=278169"}],"version-history":[{"count":0,"href":"https:\/\/www.europesays.com\/pt\/wp-json\/wp\/v2\/posts\/278169\/revisions"}],"wp:featuredmedia":[{"embeddable":true,"href":"https:\/\/www.europesays.com\/pt\/wp-json\/wp\/v2\/media\/278170"}],"wp:attachment":[{"href":"https:\/\/www.europesays.com\/pt\/wp-json\/wp\/v2\/media?parent=278169"}],"wp:term":[{"taxonomy":"category","embeddable":true,"href":"https:\/\/www.europesays.com\/pt\/wp-json\/wp\/v2\/categories?post=278169"},{"taxonomy":"post_tag","embeddable":true,"href":"https:\/\/www.europesays.com\/pt\/wp-json\/wp\/v2\/tags?post=278169"}],"curies":[{"name":"wp","href":"https:\/\/api.w.org\/{rel}","templated":true}]}}