{"id":278180,"date":"2026-02-21T05:11:11","date_gmt":"2026-02-21T05:11:11","guid":{"rendered":"https:\/\/www.europesays.com\/pt\/278180\/"},"modified":"2026-02-21T05:11:11","modified_gmt":"2026-02-21T05:11:11","slug":"de-ir-as-lagrimas-bernardina-brito-chora-com-declaracao-inesperada-vi-te-cair-sofri-muito-primeira-companhia","status":"publish","type":"post","link":"https:\/\/www.europesays.com\/pt\/278180\/","title":{"rendered":"De ir \u00e0s l\u00e1grimas! Bernardina Brito chora com declara\u00e7\u00e3o inesperada: \u00abVi-te cair (\u2026) Sofri muito\u00bb &#8211; Primeira Companhia"},"content":{"rendered":"<p style=\"margin-bottom:11px\">Bernardina Brito esteve esta sexta-feira na emiss\u00e3o especial dos 33 anos da TVI e foi surpreendida com uma declara\u00e7\u00e3o muito especial e com a qual n\u00e3o contava. A sua m\u00e3e, Rosa Branca, deixou-lhe uma mensagem recheada de amor e ela n\u00e3o conteve as l\u00e1grimas.\u00a0<\/p>\n<p style=\"margin-bottom:11px\">A certa altura do v\u00eddeo, Rosa Branca recordou uma fase mais dif\u00edcil da vida de Bernardina:\u00a0\u00abVi-te cair, chorar, ser julgada por gente que n\u00e3o conhecia a tua hist\u00f3ria de vida, minha filha\u00bb.\u00a0<\/p>\n<p style=\"margin-bottom:11px\">\u00a0<\/p>\n<p style=\"margin-bottom:11px\">\u00abSofri muito, mas valeu a pena, porque comecei a ver a tua for\u00e7a, a tua garra, a tua capacidade de seguir em frente, de te levantares com a consci\u00eancia dos teus erros\u00bb, sublinhou.\u00a0<\/p>\n<p style=\"margin-bottom:11px\">A familiar continuou: \u00abHoje vejo-te uma mulher mais forte, mais madura, mais respons\u00e1vel. Uma m\u00e3e a 100%, dedicada, presente, com um amor sem limites, m\u00e3e guerreira, meu grande orgulho\u00bb.\u00a0<\/p>\n<p style=\"margin-bottom:11px\">\u00abSou grata pela b\u00ean\u00e7\u00e3o de te ter criado com muito amor, de teres tornado na grande mulher, grande m\u00e3e e grande filha que \u00e9s. Para o mundo tu \u00e9s figura p\u00fablica, mas para mim sempre ser\u00e1s a minha menina, o meu orgulho, a minha adrenalina\u00bb, rematou<\/p>\n","protected":false},"excerpt":{"rendered":"Bernardina Brito esteve esta sexta-feira na emiss\u00e3o especial dos 33 anos da TVI e foi surpreendida com uma&hellip;\n","protected":false},"author":2,"featured_media":278181,"comment_status":"","ping_status":"","sticky":false,"template":"","format":"standard","meta":{"footnotes":"","_share_on_mastodon":"0"},"categories":[142],"tags":[41536,5303,114,115,18705,32,33,151,41535],"class_list":["post-278180","post","type-post","status-publish","format-standard","has-post-thumbnail","category-tv","tag-bastidores-da-recruta","tag-bernardina-brito","tag-entertainment","tag-entretenimento","tag-entrevistas-concorrentes-tvi","tag-portugal","tag-pt","tag-tv","tag-vida-fora-da-base"],"share_on_mastodon":{"url":"https:\/\/pubeurope.com\/@pt\/116106905855374034","error":""},"_links":{"self":[{"href":"https:\/\/www.europesays.com\/pt\/wp-json\/wp\/v2\/posts\/278180","targetHints":{"allow":["GET"]}}],"collection":[{"href":"https:\/\/www.europesays.com\/pt\/wp-json\/wp\/v2\/posts"}],"about":[{"href":"https:\/\/www.europesays.com\/pt\/wp-json\/wp\/v2\/types\/post"}],"author":[{"embeddable":true,"href":"https:\/\/www.europesays.com\/pt\/wp-json\/wp\/v2\/users\/2"}],"replies":[{"embeddable":true,"href":"https:\/\/www.europesays.com\/pt\/wp-json\/wp\/v2\/comments?post=278180"}],"version-history":[{"count":0,"href":"https:\/\/www.europesays.com\/pt\/wp-json\/wp\/v2\/posts\/278180\/revisions"}],"wp:featuredmedia":[{"embeddable":true,"href":"https:\/\/www.europesays.com\/pt\/wp-json\/wp\/v2\/media\/278181"}],"wp:attachment":[{"href":"https:\/\/www.europesays.com\/pt\/wp-json\/wp\/v2\/media?parent=278180"}],"wp:term":[{"taxonomy":"category","embeddable":true,"href":"https:\/\/www.europesays.com\/pt\/wp-json\/wp\/v2\/categories?post=278180"},{"taxonomy":"post_tag","embeddable":true,"href":"https:\/\/www.europesays.com\/pt\/wp-json\/wp\/v2\/tags?post=278180"}],"curies":[{"name":"wp","href":"https:\/\/api.w.org\/{rel}","templated":true}]}}