{"id":278198,"date":"2026-02-21T05:39:31","date_gmt":"2026-02-21T05:39:31","guid":{"rendered":"https:\/\/www.europesays.com\/pt\/278198\/"},"modified":"2026-02-21T05:39:31","modified_gmt":"2026-02-21T05:39:31","slug":"estrela-do-futebol-troca-o-desporto-pela-entrada-num-novo-reality-show-com-o-sonho-de-encontrar-o-amor-primeira-companhia","status":"publish","type":"post","link":"https:\/\/www.europesays.com\/pt\/278198\/","title":{"rendered":"Estrela do futebol troca o desporto pela entrada num novo reality show&#8230; Com o sonho de encontrar o amor &#8211; Primeira Companhia"},"content":{"rendered":"<p data-end=\"408\" data-start=\"86\">Aos 28 anos, <strong>Estelle Laurier<\/strong> prepara-se para viver um dos maiores desafios da sua vida &#8211; e n\u00e3o \u00e9 dentro das quatro linhas. A defesa do OGC Nice \u00e9 a nova participante da d\u00e9cima temporada de \u00abMari\u00e9s au premier regard\u00bb e j\u00e1 explicou porque decidiu dar este passo inesperado.<\/p>\n<p data-end=\"649\" data-start=\"410\"><strong>Foi atrav\u00e9s do Instagram que a atleta revelou a novidade.<\/strong> \u00abChegou a hora de vos anunciar uma novidade bastante especial&#8230; e \u00fanica\u00bb, escreveu, assumindo publicamente a participa\u00e7\u00e3o no popular formato franc\u00eas, que estreia a 23 de fevereiro.<\/p>\n<p data-end=\"1060\" data-start=\"651\">Habituada \u00e0 disciplina e \u00e0 exig\u00eancia do futebol profissional, Laurier garante que a decis\u00e3o foi ponderada. Natural de Bron, passou pelas sele\u00e7\u00f5es jovens de Fran\u00e7a e fez forma\u00e7\u00e3o na academia do Olympique Lyonnais, depois de ter iniciado o percurso no Chaponnay-Marennes. Atualmente, \u00e9 pe\u00e7a importante no Nice, equipa que ocupa o 10.\u00ba lugar da segunda divis\u00e3o francesa e luta pela manuten\u00e7\u00e3o.<\/p>\n<p data-end=\"1292\" data-start=\"1062\">Ainda assim, sentiu que era o momento de procurar um novo equil\u00edbrio: <strong>\u00abSempre dediquei a minha vida ao futebol e estava na altura de encontrar um equil\u00edbrio entre a minha carreira desportiva e o meu sonho de casamento\u00bb,<\/strong> partilhou.<\/p>\n<p data-end=\"1544\" data-start=\"1294\">No programa, n\u00e3o estar\u00e1 sozinha. Conta com o apoio incondicional dos pais, dos tr\u00eas irm\u00e3os e de uma figura bem conhecida do desporto franc\u00eas: Yannick Noah, que ser\u00e1 o seu padrinho e conselheiro nesta jornada em busca do amor.<\/p>\n<p data-end=\"1916\" data-start=\"1546\">Determinada, a futebolista encara esta experi\u00eancia como uma oportunidade rara: \u00abNa vida, h\u00e1 oportunidades que \u00e9 preciso ousar agarrar para avan\u00e7ar e poder realizar os nossos sonhos\u00bb, afirmou. E refor\u00e7ou a convic\u00e7\u00e3o com palavras que j\u00e1 est\u00e3o a emocionar os seguidores: \u00abEnt\u00e3o, escolhi confiar no desconhecido, acreditar na ci\u00eancia, mas, acima de tudo, acreditar no amor\u00bb.<\/p>\n<p data-end=\"2113\" data-start=\"1918\">A promessa \u00e9 de uma \u00abaventura repleta de esperan\u00e7a, d\u00favidas e emo\u00e7\u00f5es intensas\u00bb. Dentro de campo, est\u00e1 habituada a lutar at\u00e9 ao fim. Agora, o desafio \u00e9 outro: encontrar o amor \u00e0 primeira vista.<\/p>\n","protected":false},"excerpt":{"rendered":"Aos 28 anos, Estelle Laurier prepara-se para viver um dos maiores desafios da sua vida &#8211; e n\u00e3o&hellip;\n","protected":false},"author":2,"featured_media":278199,"comment_status":"","ping_status":"","sticky":false,"template":"","format":"standard","meta":{"footnotes":"","_share_on_mastodon":"0"},"categories":[142],"tags":[41536,114,115,18705,524,32,33,151,41535],"class_list":["post-278198","post","type-post","status-publish","format-standard","has-post-thumbnail","category-tv","tag-bastidores-da-recruta","tag-entertainment","tag-entretenimento","tag-entrevistas-concorrentes-tvi","tag-futebol","tag-portugal","tag-pt","tag-tv","tag-vida-fora-da-base"],"share_on_mastodon":{"url":"https:\/\/pubeurope.com\/@pt\/116107015848072954","error":""},"_links":{"self":[{"href":"https:\/\/www.europesays.com\/pt\/wp-json\/wp\/v2\/posts\/278198","targetHints":{"allow":["GET"]}}],"collection":[{"href":"https:\/\/www.europesays.com\/pt\/wp-json\/wp\/v2\/posts"}],"about":[{"href":"https:\/\/www.europesays.com\/pt\/wp-json\/wp\/v2\/types\/post"}],"author":[{"embeddable":true,"href":"https:\/\/www.europesays.com\/pt\/wp-json\/wp\/v2\/users\/2"}],"replies":[{"embeddable":true,"href":"https:\/\/www.europesays.com\/pt\/wp-json\/wp\/v2\/comments?post=278198"}],"version-history":[{"count":0,"href":"https:\/\/www.europesays.com\/pt\/wp-json\/wp\/v2\/posts\/278198\/revisions"}],"wp:featuredmedia":[{"embeddable":true,"href":"https:\/\/www.europesays.com\/pt\/wp-json\/wp\/v2\/media\/278199"}],"wp:attachment":[{"href":"https:\/\/www.europesays.com\/pt\/wp-json\/wp\/v2\/media?parent=278198"}],"wp:term":[{"taxonomy":"category","embeddable":true,"href":"https:\/\/www.europesays.com\/pt\/wp-json\/wp\/v2\/categories?post=278198"},{"taxonomy":"post_tag","embeddable":true,"href":"https:\/\/www.europesays.com\/pt\/wp-json\/wp\/v2\/tags?post=278198"}],"curies":[{"name":"wp","href":"https:\/\/api.w.org\/{rel}","templated":true}]}}