{"id":27847,"date":"2025-08-13T17:22:20","date_gmt":"2025-08-13T17:22:20","guid":{"rendered":"https:\/\/www.europesays.com\/pt\/27847\/"},"modified":"2025-08-13T17:22:20","modified_gmt":"2025-08-13T17:22:20","slug":"globo-pode-tirar-da-gaveta-historia-baseada-em-obra-de-nelson-rodrigues","status":"publish","type":"post","link":"https:\/\/www.europesays.com\/pt\/27847\/","title":{"rendered":"Globo pode tirar da gaveta hist\u00f3ria baseada em obra de Nelson Rodrigues"},"content":{"rendered":"<p>Guerreiros do Sol pode desengavetar outra hist\u00f3ria dentro da Globo: Para\u00edso Perdido. Pronta h\u00e1 quatro anos pelas m\u00e3os de George Moura e Sergio Goldenberg, ela pode ganhar uma chance, noticiou a coluna Play, de O Globo, desta quarta-feira (13).<\/p>\n<p>A informa\u00e7\u00e3o \u00e9 que Para\u00edso Perdido &#8211; baseado na obra de Nelson Rodrigues &#8211; pode ir ao ar primeiro no Globoplay. A equipe, no entanto, aguarda inicialmente o sinal verde para a produ\u00e7\u00e3o.<\/p>\n<p>+\u00a0<a href=\"https:\/\/natelinha.uol.com.br\/televisao\/2025\/08\/13\/libertadores-sul-americana-e-copa-do-brasil-quais-times-sobraram-para-globo-e-sbt-exibirem-229787.php\" rel=\"nofollow noopener\" target=\"_blank\">Libertadores, Sul-Americana e Copa do Brasil: Quais times sobraram para Globo e SBT exibirem<\/a><\/p>\n<p>continua depois da publicidade<\/p>\n<p>+\u00a0<a href=\"https:\/\/natelinha.uol.com.br\/colunas\/coluna-do-sandro\/2025\/08\/13\/volta-do-aqui-agora-e-uma-boa-ideia-mal-executada-no-sbt-229807.php\" rel=\"nofollow noopener\" target=\"_blank\">Volta do Aqui Agora \u00e9 uma boa ideia mal executada no SBT<\/a><\/p>\n<p>Em plena pandemia, os autores fizeram um enredo de 50 cap\u00edtulos. A trama \u00e9 contempor\u00e2nea e inspirada em quatro pe\u00e7as: A Mulher sem Pecado, Toda Nudez Ser\u00e1 Castigada, Bonitinha mas Ordin\u00e1ria e Os Sete Gatinhos. \u00c0 \u00e9poca, a ideia era ter Marina Ruy Barbosa como protagonista.<\/p>\n<p>Guerreiros do Sol tamb\u00e9m teve &#8220;atraso&#8221;<\/p>\n<p><img decoding=\"async\" src=\"https:\/\/www.europesays.com\/pt\/wp-content\/uploads\/2025\/08\/guerreiros-do-sol-isadora-cruz-45_3393.jpeg\" alt=\"imagem-texto\"\/><\/p>\n<p>A obra que foi ao ar no streaming e no Globoplay Novelas tamb\u00e9m foi lan\u00e7ada e depois engavetada. As grava\u00e7\u00f5es terminaram h\u00e1 dois anos, mas s\u00f3 agora disponibilizada.<\/p>\n<p>Assim como Para\u00edso Perdido, Guerreiros do Sol foi criada e escrita George Moura e Sergio Goldenberg e \u00e9 ambientada entre as d\u00e9cadas de 1920 e 1930, livremente baseada na vida de Lampi\u00e3o e Maria Bonita e de outros casais de cangaceiros.<\/p>\n<p>continua depois da publicidade<\/p>\n<p>A inspira\u00e7\u00e3o vem do livro hom\u00f4nimo escrito por Frederico Pernambucano de Mello, que resgata hist\u00f3rias de grupos armados que cruzaram o sert\u00e3o nordestino entre o fim do s\u00e9culo XIX e as primeiras d\u00e9cadas do s\u00e9culo XX. Eles desafiavam a ordem imposta pelos coron\u00e9is e pelo Estado.<\/p>\n","protected":false},"excerpt":{"rendered":"Guerreiros do Sol pode desengavetar outra hist\u00f3ria dentro da Globo: Para\u00edso Perdido. Pronta h\u00e1 quatro anos pelas m\u00e3os&hellip;\n","protected":false},"author":2,"featured_media":27848,"comment_status":"","ping_status":"","sticky":false,"template":"","format":"standard","meta":{"footnotes":""},"categories":[142],"tags":[114,115,753,3179,32,33,151],"class_list":{"0":"post-27847","1":"post","2":"type-post","3":"status-publish","4":"format-standard","5":"has-post-thumbnail","7":"category-tv","8":"tag-entertainment","9":"tag-entretenimento","10":"tag-globo","11":"tag-globoplay","12":"tag-portugal","13":"tag-pt","14":"tag-tv"},"share_on_mastodon":{"url":"","error":""},"_links":{"self":[{"href":"https:\/\/www.europesays.com\/pt\/wp-json\/wp\/v2\/posts\/27847","targetHints":{"allow":["GET"]}}],"collection":[{"href":"https:\/\/www.europesays.com\/pt\/wp-json\/wp\/v2\/posts"}],"about":[{"href":"https:\/\/www.europesays.com\/pt\/wp-json\/wp\/v2\/types\/post"}],"author":[{"embeddable":true,"href":"https:\/\/www.europesays.com\/pt\/wp-json\/wp\/v2\/users\/2"}],"replies":[{"embeddable":true,"href":"https:\/\/www.europesays.com\/pt\/wp-json\/wp\/v2\/comments?post=27847"}],"version-history":[{"count":0,"href":"https:\/\/www.europesays.com\/pt\/wp-json\/wp\/v2\/posts\/27847\/revisions"}],"wp:featuredmedia":[{"embeddable":true,"href":"https:\/\/www.europesays.com\/pt\/wp-json\/wp\/v2\/media\/27848"}],"wp:attachment":[{"href":"https:\/\/www.europesays.com\/pt\/wp-json\/wp\/v2\/media?parent=27847"}],"wp:term":[{"taxonomy":"category","embeddable":true,"href":"https:\/\/www.europesays.com\/pt\/wp-json\/wp\/v2\/categories?post=27847"},{"taxonomy":"post_tag","embeddable":true,"href":"https:\/\/www.europesays.com\/pt\/wp-json\/wp\/v2\/tags?post=27847"}],"curies":[{"name":"wp","href":"https:\/\/api.w.org\/{rel}","templated":true}]}}