{"id":278598,"date":"2026-02-21T14:13:44","date_gmt":"2026-02-21T14:13:44","guid":{"rendered":"https:\/\/www.europesays.com\/pt\/278598\/"},"modified":"2026-02-21T14:13:44","modified_gmt":"2026-02-21T14:13:44","slug":"claudio-ramos-questiona-a-joana-diniz-e-joao-ricardo-aquilo-que-todos-querem-saber-chegaram-a-andar-e-houve-resposta-primeira-companhia","status":"publish","type":"post","link":"https:\/\/www.europesays.com\/pt\/278598\/","title":{"rendered":"Cl\u00e1udio Ramos questiona a Joana Diniz e Jo\u00e3o Ricardo aquilo que todos querem saber: \u00abChegaram a andar?\u00bb. E houve resposta &#8211; Primeira Companhia"},"content":{"rendered":"<p><a href=\"https:\/\/tvi.iol.pt\/primeiracompanhia\/video\/joao-ricardo-revela-a-joana-diniz-e-coracao-e-a-ines-morais-e-cabeca\/699848030cf27f6588a62c8a\" rel=\"nofollow noopener\" target=\"_blank\">In\u00eas Morais, Jo\u00e3o Ricardo e Joana Diniz <\/a>marcaram presen\u00e7a no programa especial que assinala os 33 anos da TVI. Os tr\u00eas ex-concorrentes do <strong data-end=\"325\" data-start=\"293\">Secret Story &#8211; Desafio Final<\/strong> conheceram-se durante o programa, no in\u00edcio do ano passado, e desde ent\u00e3o t\u00eam sido insepar\u00e1veis, partilhando v\u00e1rios momentos juntos nas redes sociais.<\/p>\n<p data-end=\"812\" data-start=\"480\">\u00abA Joana \u00e9 cora\u00e7\u00e3o, a In\u00eas \u00e9 cabe\u00e7a\u00bb,come\u00e7ou por descrever Jo\u00e3o Ricardo sobre as amigas.<\/p>\n<p data-end=\"812\" data-start=\"480\">Quando Cl\u00e1udio Ramos questionou de forma direta: \u00abNunca chegaram a andar voc\u00eas os dois, n\u00e3o?\u00bb, Jo\u00e3o respondeu com o seu caracter\u00edstico humor: \u00abAnd\u00e1mos na Avenida da Liberdade. Para cima e para baixo\u00bb. Assim ficou confirmado que, apesar dos rumores, Joana e Jo\u00e3o mant\u00eam apenas uma amizade e nunca se envolveram.<\/p>\n<p data-end=\"1170\" data-start=\"814\">Os tr\u00eas sentaram-se para uma conversa franca sobre a amizade que os une, dentro e fora da casa. Durante a entrevista, Jo\u00e3o Ricardo fez uma revela\u00e7\u00e3o inesperada: confessou estar apaixonado por <a href=\"https:\/\/tvi.iol.pt\/primeiracompanhia\/soraia-sousa\/joao-jesus\/soraia-sousa-recorda-episodio-dramatico-vivido-com-o-ex-namorado-e-ator-joao-jesus-percebi-logo\" rel=\"nofollow noopener\" target=\"_blank\"><strong data-end=\"1022\" data-start=\"1006\">Soraia Sousa<\/strong>,<\/a> recruta da Primeira Companhia: \u00abEstou apaixonado desde o dia 1 de janeiro\u00bb. In\u00eas, divertida, comentou: \u00abApaixona-se por todas. \u00c9 um emocionado\u00bb.<\/p>\n<p data-end=\"1170\" data-start=\"814\">A conversa acabou por ser um momento de descontra\u00e7\u00e3o e de divers\u00e3o entre tr\u00eas amigos. Veja aqui o momento completo:<\/p>\n","protected":false},"excerpt":{"rendered":"In\u00eas Morais, Jo\u00e3o Ricardo e Joana Diniz marcaram presen\u00e7a no programa especial que assinala os 33 anos da&hellip;\n","protected":false},"author":2,"featured_media":278599,"comment_status":"","ping_status":"","sticky":false,"template":"","format":"standard","meta":{"footnotes":"","_share_on_mastodon":"0"},"categories":[142],"tags":[41536,114,115,18705,3213,1829,32,33,151,41535],"class_list":["post-278598","post","type-post","status-publish","format-standard","has-post-thumbnail","category-tv","tag-bastidores-da-recruta","tag-entertainment","tag-entretenimento","tag-entrevistas-concorrentes-tvi","tag-joana-diniz","tag-joao-ricardo","tag-portugal","tag-pt","tag-tv","tag-vida-fora-da-base"],"share_on_mastodon":{"url":"https:\/\/pubeurope.com\/@pt\/116109036978825216","error":""},"_links":{"self":[{"href":"https:\/\/www.europesays.com\/pt\/wp-json\/wp\/v2\/posts\/278598","targetHints":{"allow":["GET"]}}],"collection":[{"href":"https:\/\/www.europesays.com\/pt\/wp-json\/wp\/v2\/posts"}],"about":[{"href":"https:\/\/www.europesays.com\/pt\/wp-json\/wp\/v2\/types\/post"}],"author":[{"embeddable":true,"href":"https:\/\/www.europesays.com\/pt\/wp-json\/wp\/v2\/users\/2"}],"replies":[{"embeddable":true,"href":"https:\/\/www.europesays.com\/pt\/wp-json\/wp\/v2\/comments?post=278598"}],"version-history":[{"count":0,"href":"https:\/\/www.europesays.com\/pt\/wp-json\/wp\/v2\/posts\/278598\/revisions"}],"wp:featuredmedia":[{"embeddable":true,"href":"https:\/\/www.europesays.com\/pt\/wp-json\/wp\/v2\/media\/278599"}],"wp:attachment":[{"href":"https:\/\/www.europesays.com\/pt\/wp-json\/wp\/v2\/media?parent=278598"}],"wp:term":[{"taxonomy":"category","embeddable":true,"href":"https:\/\/www.europesays.com\/pt\/wp-json\/wp\/v2\/categories?post=278598"},{"taxonomy":"post_tag","embeddable":true,"href":"https:\/\/www.europesays.com\/pt\/wp-json\/wp\/v2\/tags?post=278598"}],"curies":[{"name":"wp","href":"https:\/\/api.w.org\/{rel}","templated":true}]}}