{"id":27875,"date":"2025-08-13T17:44:12","date_gmt":"2025-08-13T17:44:12","guid":{"rendered":"https:\/\/www.europesays.com\/pt\/27875\/"},"modified":"2025-08-13T17:44:12","modified_gmt":"2025-08-13T17:44:12","slug":"destruicao-massiva-bombardeamentos-israelitas-voltam-a-matar-na-cidade-de-gaza","status":"publish","type":"post","link":"https:\/\/www.europesays.com\/pt\/27875\/","title":{"rendered":"&#8220;Destrui\u00e7\u00e3o massiva&#8221;. Bombardeamentos israelitas voltam a matar na Cidade de Gaza"},"content":{"rendered":"<p>                    Segundo a Defesa Civil de Gaza, <b>as \u00e1reas residenciais de Zeitoun e Sabra foram atingidas pelo terceiro dia consecutivo, provocando \u201cdestrui\u00e7\u00e3o massiva a resid\u00eancias civis\u201d<\/b>.<\/p>\n<p>O Crescente Vermelho avan\u00e7ou, por sua vez, que entre os 12 mortos nos ataques da \u00faltima madrugada se encontram sete crian\u00e7as. Cinco das v\u00edtimas mortais estavam \u00e0 espera de receber ajuda humanit\u00e1ria.<\/p>\n<p>O gabinete de guerra de Israel votou na segunda-feira para tomar o controlo da Cidade de Gaza, decis\u00e3o condenada pelo Conselho de Seguran\u00e7a da ONU.<\/p>\n<p>          <img decoding=\"async\" itemprop=\"image\" class=\"img-fluid\"   src=\"https:\/\/www.europesays.com\/pt\/wp-content\/uploads\/2025\/08\/a7f0f340d7ab7c4917e543188b6d58dd\"\/><\/p>\n<p>As For\u00e7as de Defesa de Israel disseram no dia seguinte estar \u201cno come\u00e7o de uma nova fase de combate\u201d. O plano do primeiro-ministro israelita para a Cidade de Gaza aumentou as preocupa\u00e7\u00f5es sobre a devasta\u00e7\u00e3o generalizada, as desloca\u00e7\u00f5es e a fome que se abatem sobre os 2,2 milh\u00f5es de habitantes do enclave.<\/p>\n<p>A Uni\u00e3o Europeia, o Reino Unido, a Austr\u00e1lia, o Canad\u00e1 e o Jap\u00e3o lan\u00e7aram entretanto um comunicado a alertar que<b> \u201ca fome est\u00e1 a desenrolar-se \u00e0 frente dos nossos olhos\u201d<\/b> e a pedir a\u00e7\u00f5es urgentes para reverter a situa\u00e7\u00e3o.<\/p>\n<p>A declara\u00e7\u00e3o conjunta exige ainda o fim do uso de for\u00e7a letal junto a centros de distribui\u00e7\u00e3o e armazenamento de ajuda humanit\u00e1ria, onde mais de 1.300 palestinianos j\u00e1 morreram, de acordo com dados das Na\u00e7\u00f5es Unidas.<\/p>\n<p>J\u00e1 a Organiza\u00e7\u00e3o Mundial da Sa\u00fade apelou na ter\u00e7a-feira a Israel para que a deixe armazenar material m\u00e9dico e dar assim resposta a uma situa\u00e7\u00e3o \u201ccatastr\u00f3fica\u201d antes da reocupa\u00e7\u00e3o da Cidade de Gaza.<\/p>\n<p><b>\u201cDizem que mais fornecimentos humanit\u00e1rios est\u00e3o autorizados a entrar, mas isso ainda n\u00e3o est\u00e1 a acontecer, ou est\u00e1 a acontecer a um ritmo muito baixo\u201d<\/b>, lamentou \u00e0 BBC Rik Peeperkorn, representante da OMS nos territ\u00f3rios palestinianos. \u201cQueremos abastecer os hospitais o mais rapidamente poss\u00edvel\u201d.Hamas discute no Egito regresso \u00e0s negocia\u00e7\u00f5es<br \/>&#13;<br \/>\nEsta quarta-feira, o l\u00edder do Hamas Khalil Al-Hayya desloca-se ao Cairo para conversa\u00e7\u00f5es sobre o regresso a um plano de cessar-fogo apoiado pelos Estados Unidos. A \u00faltima ronda de negocia\u00e7\u00f5es indiretas, no Catar, terminou num impasse no final de julho.<\/p>\n<p>Em comunicado, <b>o Hamas avan\u00e7ou que os encontros no Egito v\u00e3o focar-se em maneiras de p\u00f4r fim \u00e0 ofensiva israelita, entregar ajuda humanit\u00e1ria e \u201cterminar com o sofrimento do povo de Gaza\u201d.<\/b><\/p>\n<p>Uma fonte da ag\u00eancia Reuters afirmou que o grupo est\u00e1 preparado para voltar \u00e0 mesa de negocia\u00e7\u00f5es e que os respons\u00e1veis que se deslocam hoje ao Cairo ir\u00e3o reafirmar essa posi\u00e7\u00e3o.<\/p>\n<p><b>&#8220;O Hamas acredita que a negocia\u00e7\u00e3o \u00e9 a \u00fanica maneira de acabar com a guerra e est\u00e1 aberto a discutir quaisquer ideias que possam garantir o fim da mesma&#8221;<\/b>, avan\u00e7ou a mesma fonte.<\/p>\n<p>Um outro respons\u00e1vel do Hamas disse \u00e0 Reuters na ter\u00e7a-feira que o grupo islamita est\u00e1 disposto a renunciar \u00e0 governa\u00e7\u00e3o de Gaza em nome de um comit\u00e9 n\u00e3o partid\u00e1rio, mas n\u00e3o renunciar\u00e1 \u00e0s suas armas antes da cria\u00e7\u00e3o de um Estado palestiniano.<\/p>\n<p>A exig\u00eancia est\u00e1 longe de se tornar uma realidade, j\u00e1 que Netanyahu se recusa a reconhecer o Estado da Palestina e promete n\u00e3o terminar a ofensiva at\u00e9 que o Hamas seja erradicado.<\/p>\n<p>c\/ ag\u00eancias&#13;<\/p>\n","protected":false},"excerpt":{"rendered":"Segundo a Defesa Civil de Gaza, as \u00e1reas residenciais de Zeitoun e Sabra foram atingidas pelo terceiro dia&hellip;\n","protected":false},"author":2,"featured_media":27876,"comment_status":"","ping_status":"","sticky":false,"template":"","format":"standard","meta":{"footnotes":""},"categories":[50],"tags":[258,9468,27,28,9470,9467,15,16,255,14,259,9469,25,26,21,22,62,12,13,19,20,431,23,24,17,18,29,30,31,63,64,65],"class_list":{"0":"post-27875","1":"post","2":"type-post","3":"status-publish","4":"format-standard","5":"has-post-thumbnail","7":"category-mundo","8":"tag-benjamin-netanyahu","9":"tag-bombardeamentos","10":"tag-breaking-news","11":"tag-breakingnews","12":"tag-cairo","13":"tag-cidade-de-gaza","14":"tag-featured-news","15":"tag-featurednews","16":"tag-hamas","17":"tag-headlines","18":"tag-israel","19":"tag-khalil-al-hayya","20":"tag-latest-news","21":"tag-latestnews","22":"tag-main-news","23":"tag-mainnews","24":"tag-mundo","25":"tag-news","26":"tag-noticias","27":"tag-noticias-principais","28":"tag-noticiasprincipais","29":"tag-palestina","30":"tag-principais-noticias","31":"tag-principaisnoticias","32":"tag-top-stories","33":"tag-topstories","34":"tag-ultimas","35":"tag-ultimas-noticias","36":"tag-ultimasnoticias","37":"tag-world","38":"tag-world-news","39":"tag-worldnews"},"share_on_mastodon":{"url":"","error":""},"_links":{"self":[{"href":"https:\/\/www.europesays.com\/pt\/wp-json\/wp\/v2\/posts\/27875","targetHints":{"allow":["GET"]}}],"collection":[{"href":"https:\/\/www.europesays.com\/pt\/wp-json\/wp\/v2\/posts"}],"about":[{"href":"https:\/\/www.europesays.com\/pt\/wp-json\/wp\/v2\/types\/post"}],"author":[{"embeddable":true,"href":"https:\/\/www.europesays.com\/pt\/wp-json\/wp\/v2\/users\/2"}],"replies":[{"embeddable":true,"href":"https:\/\/www.europesays.com\/pt\/wp-json\/wp\/v2\/comments?post=27875"}],"version-history":[{"count":0,"href":"https:\/\/www.europesays.com\/pt\/wp-json\/wp\/v2\/posts\/27875\/revisions"}],"wp:featuredmedia":[{"embeddable":true,"href":"https:\/\/www.europesays.com\/pt\/wp-json\/wp\/v2\/media\/27876"}],"wp:attachment":[{"href":"https:\/\/www.europesays.com\/pt\/wp-json\/wp\/v2\/media?parent=27875"}],"wp:term":[{"taxonomy":"category","embeddable":true,"href":"https:\/\/www.europesays.com\/pt\/wp-json\/wp\/v2\/categories?post=27875"},{"taxonomy":"post_tag","embeddable":true,"href":"https:\/\/www.europesays.com\/pt\/wp-json\/wp\/v2\/tags?post=27875"}],"curies":[{"name":"wp","href":"https:\/\/api.w.org\/{rel}","templated":true}]}}