{"id":27898,"date":"2025-08-13T17:59:18","date_gmt":"2025-08-13T17:59:18","guid":{"rendered":"https:\/\/www.europesays.com\/pt\/27898\/"},"modified":"2025-08-13T17:59:18","modified_gmt":"2025-08-13T17:59:18","slug":"marcelo-e-montenegro-ja-estao-reunidos-em-faro-observador","status":"publish","type":"post","link":"https:\/\/www.europesays.com\/pt\/27898\/","title":{"rendered":"Marcelo e Montenegro j\u00e1 est\u00e3o reunidos em Faro \u2013 Observador"},"content":{"rendered":"<p>O Presidente da Rep\u00fablica, Marcelo Rebelo de Sousa, e o primeiro-ministro, Lu\u00eds Montenegro, j\u00e1 est\u00e3o na C\u00e2mara Municipal de Faro para a reuni\u00e3o semanal que decorre esta quarta-feira no Algarve.<\/p>\n<p><strong>Marcelo Rebelo de Sousa chegou aos Pa\u00e7os do Concelho de Faro \u00e0s 17h50 e Lu\u00eds Montenegro \u00e0s 18h05 para participarem na reuni\u00e3o, agendada para as 18h00<\/strong>, constatou a Lusa no local.<\/p>\n<p>A habitual reuni\u00e3o semanal entre o chefe de Estado e o l\u00edder realiza-se em Faro, e n\u00e3o no Pal\u00e1cio de Bel\u00e9m, como tradicionalmente, j\u00e1 que ambos se encontram a gozar um per\u00edodo de f\u00e9rias no Algarve.<\/p>\n<p>O primeiro-ministro j\u00e1 tinha tido agenda p\u00fablica na ter\u00e7a-feira em Faro, dia em que o Presidente prestou declara\u00e7\u00f5es aos jornalistas junto \u00e0 praia de Monte Gordo. Na quinta-feira realiza-se no Cal\u00e7ad\u00e3o de Quarteira, no concelho de Loul\u00e9, a Festa do Pontal, o evento que marca a rentr\u00e9e\u00a0pol\u00edtica dos sociais-democratas.<\/p>\n<p>A reuni\u00e3o desta quarta-feira em Faro foi publicitada quase em simult\u00e2neo, sendo divulgada primeiro pela Presid\u00eancia e um minuto depois pelo gabinete do primeiro-ministro.<\/p>\n<p>Este ser\u00e1 o primeiro encontro entre ambos ap\u00f3s a declara\u00e7\u00e3o de inconstitucionalidade pelo Tribunal Constitucional de cinco normas da lei de estrangeiros, com o consequente veto do Presidente da Rep\u00fablica e devolu\u00e7\u00e3o \u00e0 Assembleia da Rep\u00fablica.<\/p>\n<p>                                Se tiver uma hist\u00f3ria que queira partilhar sobre irregularidades na sua autarquia, preencha<br \/>\n                                <a href=\"https:\/\/forms.gle\/uQ1gDpSwmRd7ezUf8\" target=\"_blank\" rel=\"noopener noreferrer nofollow\">este formul\u00e1rio an\u00f3nimo<\/a>.<\/p>\n","protected":false},"excerpt":{"rendered":"O Presidente da Rep\u00fablica, Marcelo Rebelo de Sousa, e o primeiro-ministro, Lu\u00eds Montenegro, j\u00e1 est\u00e3o na C\u00e2mara Municipal&hellip;\n","protected":false},"author":2,"featured_media":27899,"comment_status":"","ping_status":"","sticky":false,"template":"","format":"standard","meta":{"footnotes":""},"categories":[10],"tags":[27,28,9475,15,16,301,14,297,25,26,21,22,62,12,13,19,20,57,302,32,589,3610,23,24,33,58,17,18,29,30,31],"class_list":{"0":"post-27898","1":"post","2":"type-post","3":"status-publish","4":"format-standard","5":"has-post-thumbnail","7":"category-portugal","8":"tag-breaking-news","9":"tag-breakingnews","10":"tag-faro","11":"tag-featured-news","12":"tag-featurednews","13":"tag-governo","14":"tag-headlines","15":"tag-imigrau00e7u00e3o","16":"tag-latest-news","17":"tag-latestnews","18":"tag-main-news","19":"tag-mainnews","20":"tag-mundo","21":"tag-news","22":"tag-noticias","23":"tag-noticias-principais","24":"tag-noticiasprincipais","25":"tag-pau00eds","26":"tag-polu00edtica","27":"tag-portugal","28":"tag-presidente-da-repu00fablica","29":"tag-primeiro-ministro","30":"tag-principais-noticias","31":"tag-principaisnoticias","32":"tag-pt","33":"tag-sociedade","34":"tag-top-stories","35":"tag-topstories","36":"tag-ultimas","37":"tag-ultimas-noticias","38":"tag-ultimasnoticias"},"share_on_mastodon":{"url":"","error":""},"_links":{"self":[{"href":"https:\/\/www.europesays.com\/pt\/wp-json\/wp\/v2\/posts\/27898","targetHints":{"allow":["GET"]}}],"collection":[{"href":"https:\/\/www.europesays.com\/pt\/wp-json\/wp\/v2\/posts"}],"about":[{"href":"https:\/\/www.europesays.com\/pt\/wp-json\/wp\/v2\/types\/post"}],"author":[{"embeddable":true,"href":"https:\/\/www.europesays.com\/pt\/wp-json\/wp\/v2\/users\/2"}],"replies":[{"embeddable":true,"href":"https:\/\/www.europesays.com\/pt\/wp-json\/wp\/v2\/comments?post=27898"}],"version-history":[{"count":0,"href":"https:\/\/www.europesays.com\/pt\/wp-json\/wp\/v2\/posts\/27898\/revisions"}],"wp:featuredmedia":[{"embeddable":true,"href":"https:\/\/www.europesays.com\/pt\/wp-json\/wp\/v2\/media\/27899"}],"wp:attachment":[{"href":"https:\/\/www.europesays.com\/pt\/wp-json\/wp\/v2\/media?parent=27898"}],"wp:term":[{"taxonomy":"category","embeddable":true,"href":"https:\/\/www.europesays.com\/pt\/wp-json\/wp\/v2\/categories?post=27898"},{"taxonomy":"post_tag","embeddable":true,"href":"https:\/\/www.europesays.com\/pt\/wp-json\/wp\/v2\/tags?post=27898"}],"curies":[{"name":"wp","href":"https:\/\/api.w.org\/{rel}","templated":true}]}}