{"id":27954,"date":"2025-08-13T18:40:11","date_gmt":"2025-08-13T18:40:11","guid":{"rendered":"https:\/\/www.europesays.com\/pt\/27954\/"},"modified":"2025-08-13T18:40:11","modified_gmt":"2025-08-13T18:40:11","slug":"as-roma-quer-avancado-portugues-e-ja-fez-proposta-de-contrato","status":"publish","type":"post","link":"https:\/\/www.europesays.com\/pt\/27954\/","title":{"rendered":"AS Roma quer avan\u00e7ado portugu\u00eas e j\u00e1 fez proposta de contrato"},"content":{"rendered":"<p><strong>A AS Roma j\u00e1 apresentou uma proposta contratual a F\u00e1bio Silva. Avan\u00e7ado portugu\u00eas \u00e9 alvo dos giallorossi.<\/strong><\/p>\n<p>A AS Roma \u00e9 o novo clube interessado em F\u00e1bio Silva. De acordo com o jornalista Sacha Tavolieri, o emblema romano j\u00e1 apresentou uma proposta de cinco anos ao avan\u00e7ado portugu\u00eas. <\/p>\n<p>A prefer\u00eancia de F\u00e1bio Silva para a carreira passa por um clube em It\u00e1lia, mas o Wolverhampton n\u00e3o abdica do avan\u00e7ado sem garantias financeiras. Recorde-se que foi o pedido do wolves que <a href=\"https:\/\/bolanarede.pt\/especial-bola-na-rede\/atualidade\/fabio-silva-ve-2a-porta-fechar-se-em-poucas-horas-e-continua-com-futuro-indefinido\/\" target=\"_blank\" rel=\"noreferrer noopener nofollow\">afastou RB Leipzig e Borussia Dortmund da contrata\u00e7\u00e3o do internacional portugu\u00eas.<\/a><\/p>\n<p>F\u00e1bio Silva esteve emprestado pelo Wolverhampton ao Las Palmas na \u00faltima \u00e9poca com 10 golos e tr\u00eas assist\u00eancias em 25 jogos.<\/p>\n<blockquote class=\"twitter-tweet\" data-width=\"550\" data-dnt=\"true\">\n<p lang=\"en\" dir=\"ltr\">\ud83d\udc3a\ud83d\udfe0 After Borussia Dortmund, AS Roma have submitted a 5-year contract offer for Fabio Silva in the last few hours.<\/p>\n<p>\ud83c\uddee\ud83c\uddf9 For the record, the player\u2019s preference is Italy \u2014 but now, Wolverhampton must be convinced.<\/p>\n<p>\ud83d\udc40 One to watch\u2026 <a href=\"https:\/\/twitter.com\/hashtag\/mercato?src=hash&amp;ref_src=twsrc%5Etfw\" rel=\"nofollow noopener\" target=\"_blank\">#mercato<\/a> <a href=\"https:\/\/twitter.com\/hashtag\/BVB?src=hash&amp;ref_src=twsrc%5Etfw\" rel=\"nofollow noopener\" target=\"_blank\">#BVB<\/a> <a href=\"https:\/\/t.co\/Wnh3KbNrU6\" rel=\"nofollow\">pic.twitter.com\/Wnh3KbNrU6<\/a><\/p>\n<p>\u2014 Sacha Tavolieri (@sachatavolieri) <a href=\"https:\/\/twitter.com\/sachatavolieri\/status\/1955551701030871275?ref_src=twsrc%5Etfw\" rel=\"nofollow noopener\" target=\"_blank\">August 13, 2025<\/a><\/p><\/blockquote>\n<p><script async src=\"https:\/\/platform.twitter.com\/widgets.js\" charset=\"utf-8\"><\/script><\/p>\n","protected":false},"excerpt":{"rendered":"A AS Roma j\u00e1 apresentou uma proposta contratual a F\u00e1bio Silva. Avan\u00e7ado portugu\u00eas \u00e9 alvo dos giallorossi. A&hellip;\n","protected":false},"author":2,"featured_media":27955,"comment_status":"","ping_status":"","sticky":false,"template":"","format":"standard","meta":{"footnotes":""},"categories":[87],"tags":[4548,260,135,7164,32,666,33,2101,134,4157],"class_list":{"0":"post-27954","1":"post","2":"type-post","3":"status-publish","4":"format-standard","5":"has-post-thumbnail","7":"category-desporto","8":"tag-as-roma","9":"tag-atualidade","10":"tag-desporto","11":"tag-fabio-silva","12":"tag-portugal","13":"tag-premier-league","14":"tag-pt","15":"tag-serie-a","16":"tag-sports","17":"tag-wolverhampton"},"share_on_mastodon":{"url":"","error":""},"_links":{"self":[{"href":"https:\/\/www.europesays.com\/pt\/wp-json\/wp\/v2\/posts\/27954","targetHints":{"allow":["GET"]}}],"collection":[{"href":"https:\/\/www.europesays.com\/pt\/wp-json\/wp\/v2\/posts"}],"about":[{"href":"https:\/\/www.europesays.com\/pt\/wp-json\/wp\/v2\/types\/post"}],"author":[{"embeddable":true,"href":"https:\/\/www.europesays.com\/pt\/wp-json\/wp\/v2\/users\/2"}],"replies":[{"embeddable":true,"href":"https:\/\/www.europesays.com\/pt\/wp-json\/wp\/v2\/comments?post=27954"}],"version-history":[{"count":0,"href":"https:\/\/www.europesays.com\/pt\/wp-json\/wp\/v2\/posts\/27954\/revisions"}],"wp:featuredmedia":[{"embeddable":true,"href":"https:\/\/www.europesays.com\/pt\/wp-json\/wp\/v2\/media\/27955"}],"wp:attachment":[{"href":"https:\/\/www.europesays.com\/pt\/wp-json\/wp\/v2\/media?parent=27954"}],"wp:term":[{"taxonomy":"category","embeddable":true,"href":"https:\/\/www.europesays.com\/pt\/wp-json\/wp\/v2\/categories?post=27954"},{"taxonomy":"post_tag","embeddable":true,"href":"https:\/\/www.europesays.com\/pt\/wp-json\/wp\/v2\/tags?post=27954"}],"curies":[{"name":"wp","href":"https:\/\/api.w.org\/{rel}","templated":true}]}}