{"id":27986,"date":"2025-08-13T19:09:10","date_gmt":"2025-08-13T19:09:10","guid":{"rendered":"https:\/\/www.europesays.com\/pt\/27986\/"},"modified":"2025-08-13T19:09:10","modified_gmt":"2025-08-13T19:09:10","slug":"professor-da-uniube-comenta-projecao-de-aumento-do-cancer-colorretal-no-pais","status":"publish","type":"post","link":"https:\/\/www.europesays.com\/pt\/27986\/","title":{"rendered":"Professor da Uniube comenta proje\u00e7\u00e3o de aumento do c\u00e2ncer colorretal no pa\u00eds"},"content":{"rendered":"<p style=\"text-align: justify;\"><strong>Ra\u00edssa Nascimento<\/strong><\/p>\n<p style=\"text-align: justify;\">A mortalidade por c\u00e2ncer colorretal deve crescer 36,3% no Brasil nos pr\u00f3ximos 15 anos, alerta o coloproctologista e professor da Uniube, Aur\u00e9lio Zago. Estudo da Funda\u00e7\u00e3o do C\u00e2ncer aponta que homens e mulheres ser\u00e3o impactados de forma significativa, com a Regi\u00e3o Sudeste concentrando o maior n\u00famero absoluto de casos. Segundo o especialista, o aumento est\u00e1 ligado a h\u00e1bitos alimentares inadequados, sedentarismo, obesidade, envelhecimento populacional e diagn\u00f3sticos tardios.\u00a0<\/p>\n<p style=\"text-align: justify;\">O c\u00e2ncer colorretal, silencioso nas fases iniciais, \u00e9 altamente preven\u00edvel quando detectado precocemente. Aur\u00e9lio Zago destaca que muitos casos no Brasil ainda s\u00e3o identificados tardiamente devido \u00e0 falta de pol\u00edticas p\u00fablicas estruturadas de rastreamento, baixa ades\u00e3o a exames preventivos e resist\u00eancia \u00e0 colonoscopia.\u00a0<\/p>\n<p style=\"text-align: justify;\">Entre os sinais de alerta est\u00e3o sangue nas fezes, altera\u00e7\u00f5es no h\u00e1bito intestinal, dor abdominal frequente, anemia inexplic\u00e1vel, perda de peso involunt\u00e1ria e sensa\u00e7\u00e3o de evacua\u00e7\u00e3o incompleta. Para preven\u00e7\u00e3o, o especialista recomenda h\u00e1bitos saud\u00e1veis, como dieta rica em fibras, frutas e verduras, redu\u00e7\u00e3o de carnes processadas, atividade f\u00edsica regular, controle de peso e modera\u00e7\u00e3o no consumo de \u00e1lcool.\u00a0<\/p>\n<p style=\"text-align: justify;\">O rastreamento do c\u00e2ncer colorretal \u00e9 recomendado pelo SUS para pessoas entre 50 e 75 anos, com teste de sangue oculto nas fezes a cada dois anos e colonoscopia em caso de resultado positivo. No entanto, entidades internacionais sugerem iniciar a colonoscopia a partir dos 45 anos. Grupos de risco, como pessoas com hist\u00f3rico familiar da doen\u00e7a ou portadores de doen\u00e7as inflamat\u00f3rias intestinais, devem come\u00e7ar a preven\u00e7\u00e3o antes dos 50 anos.\u00a0<\/p>\n<p style=\"text-align: justify;\">&#8220;Detectar p\u00f3lipos e remov\u00ea-los durante a colonoscopia interrompe o desenvolvimento do c\u00e2ncer, salvando vidas. A preven\u00e7\u00e3o e o diagn\u00f3stico precoce dependem de informa\u00e7\u00e3o e acompanhamento cont\u00ednuo, e a integra\u00e7\u00e3o entre m\u00e9dicos e equipes de sa\u00fade \u00e9 fundamental&#8221;, explica Zago.\u00a0<\/p>\n<p style=\"text-align: justify;\">Pa\u00edses que possuem programas nacionais de rastreamento estruturados, como EUA, Jap\u00e3o e algumas na\u00e7\u00f5es europeias, conseguiram reduzir a mortalidade ao tratar les\u00f5es precocemente, mostrando que a\u00e7\u00f5es sistem\u00e1ticas podem salvar milhares de vidas no Brasil.\u00a0<\/p>\n<p style=\"text-align: justify;\">&#8220;N\u00e3o espere sentir sintomas. Converse com seu m\u00e9dico sobre rastreamento e mantenha h\u00e1bitos de vida saud\u00e1veis. O c\u00e2ncer de intestino \u00e9 silencioso, mas preven\u00edvel e cur\u00e1vel quando identificado cedo&#8221;, refor\u00e7a o professor da Uniube.<\/p>\n","protected":false},"excerpt":{"rendered":"Ra\u00edssa Nascimento A mortalidade por c\u00e2ncer colorretal deve crescer 36,3% no Brasil nos pr\u00f3ximos 15 anos, alerta o&hellip;\n","protected":false},"author":2,"featured_media":27987,"comment_status":"","ping_status":"","sticky":false,"template":"","format":"standard","meta":{"footnotes":""},"categories":[86],"tags":[9432,9435,6837,3059,6835,116,9433,32,6836,33,117,9434,9431,3062],"class_list":{"0":"post-27986","1":"post","2":"type-post","3":"status-publish","4":"format-standard","5":"has-post-thumbnail","7":"category-saude","8":"tag-doutorado","9":"tag-ead","10":"tag-extensao","11":"tag-faculdade","12":"tag-graduacao","13":"tag-health","14":"tag-mestrado","15":"tag-portugal","16":"tag-pos-graduacao","17":"tag-pt","18":"tag-saude","19":"tag-uberaba","20":"tag-uniube","21":"tag-universidade"},"share_on_mastodon":{"url":"","error":""},"_links":{"self":[{"href":"https:\/\/www.europesays.com\/pt\/wp-json\/wp\/v2\/posts\/27986","targetHints":{"allow":["GET"]}}],"collection":[{"href":"https:\/\/www.europesays.com\/pt\/wp-json\/wp\/v2\/posts"}],"about":[{"href":"https:\/\/www.europesays.com\/pt\/wp-json\/wp\/v2\/types\/post"}],"author":[{"embeddable":true,"href":"https:\/\/www.europesays.com\/pt\/wp-json\/wp\/v2\/users\/2"}],"replies":[{"embeddable":true,"href":"https:\/\/www.europesays.com\/pt\/wp-json\/wp\/v2\/comments?post=27986"}],"version-history":[{"count":0,"href":"https:\/\/www.europesays.com\/pt\/wp-json\/wp\/v2\/posts\/27986\/revisions"}],"wp:featuredmedia":[{"embeddable":true,"href":"https:\/\/www.europesays.com\/pt\/wp-json\/wp\/v2\/media\/27987"}],"wp:attachment":[{"href":"https:\/\/www.europesays.com\/pt\/wp-json\/wp\/v2\/media?parent=27986"}],"wp:term":[{"taxonomy":"category","embeddable":true,"href":"https:\/\/www.europesays.com\/pt\/wp-json\/wp\/v2\/categories?post=27986"},{"taxonomy":"post_tag","embeddable":true,"href":"https:\/\/www.europesays.com\/pt\/wp-json\/wp\/v2\/tags?post=27986"}],"curies":[{"name":"wp","href":"https:\/\/api.w.org\/{rel}","templated":true}]}}