{"id":279921,"date":"2026-02-22T17:01:11","date_gmt":"2026-02-22T17:01:11","guid":{"rendered":"https:\/\/www.europesays.com\/pt\/279921\/"},"modified":"2026-02-22T17:01:11","modified_gmt":"2026-02-22T17:01:11","slug":"apaixonado-guilherme-dellorto-se-declara-para-a-esposa-e-fas-elogiam-o-casal-fofos-r7-entretenimento","status":"publish","type":"post","link":"https:\/\/www.europesays.com\/pt\/279921\/","title":{"rendered":"Apaixonado! Guilherme Dellorto se declara para a esposa, e f\u00e3s elogiam o casal: \u2018Fofos\u2019 \u2013 R7 Entretenimento"},"content":{"rendered":"<p><img decoding=\"async\" data-chromatic=\"ignore\" alt=\"\" class=\"c-image\" loading=\"lazy\" src=\"https:\/\/www.europesays.com\/pt\/wp-content\/uploads\/2026\/02\/OM6OPXPOEVDBNBEXO6WM22YG5A.png\"  width=\"677\" height=\"369\"\/>Guilherme Dellorto celebra fam\u00edlia constru\u00edda com Maju Bacelar Reprodu\u00e7\u00e3o\/Instagram @guidellorto <\/p>\n<p class=\"jarvics:base-text-neutral-high-400 xovem:base-text-dark-high-400 base-text-[calc(theme(fontSize.xs)_*_var(--font-size,_1))] base-font-normal base-font-primary base-text-neutral-low-500 base-text-left\"><b>Guilherme Dellorto,<\/b> que est\u00e1 no elenco de <a href=\"https:\/\/entretenimento.r7.com\/famosos-e-tv\/ben-hur\/\" target=\"_self\" rel=\"nofollow noopener\" title=\"https:\/\/entretenimento.r7.com\/famosos-e-tv\/ben-hur\/\"><b>Ben-Hur<\/b><\/a>, se declarou para a esposa, Maria Julia Bacelar, em um post apaixonado no Instagram. <\/p>\n<p class=\"jarvics:base-text-neutral-high-400 xovem:base-text-dark-high-400 base-text-[calc(theme(fontSize.xs)_*_var(--font-size,_1))] base-font-normal base-font-primary base-text-neutral-low-500 base-text-left\">\u201cQue voc\u00ea viva todas as suas vers\u00f5es e realize todos os desejos que fa\u00e7am seus olhos brilharem. Coisa boa \u00e9 dividir com voc\u00ea essa loucura que \u00e9 a nossa jornada. Te amo\u201d, escreveu o ator. <\/p>\n<p class=\"jarvics:base-text-neutral-high-400 xovem:base-text-dark-high-400 base-text-[calc(theme(fontSize.xs)_*_var(--font-size,_1))] base-font-normal base-font-primary base-text-neutral-low-500 base-text-left\">Maju, como \u00e9 carinhosamente apelidada pelo marido, comentou: \u201cTe amo! Muito obrigada por esse dia, por essa vida, por esse caminho inteiro!\u201d. <\/p>\n<p class=\"jarvics:base-text-neutral-high-400 xovem:base-text-dark-high-400 base-text-[calc(theme(fontSize.xs)_*_var(--font-size,_1))] base-font-normal base-font-primary base-text-neutral-low-500 base-text-left\">Dellorto tamb\u00e9m compartilhou registros em fam\u00edlia, com os tr\u00eas filhos, al\u00e9m de muitos momentos especiais ao lado da amada. <\/p>\n<p class=\"jarvics:base-text-neutral-high-400 xovem:base-text-dark-high-400 base-text-[calc(theme(fontSize.xs)_*_var(--font-size,_1))] base-font-normal base-font-primary base-text-neutral-low-500 base-text-left\">Os f\u00e3s do casal comentaram na publica\u00e7\u00e3o: \u201cS\u00e3o muito fofos\u201d, disse uma seguidora. <\/p>\n<p class=\"jarvics:base-text-neutral-high-400 xovem:base-text-dark-high-400 base-text-[calc(theme(fontSize.xs)_*_var(--font-size,_1))] base-font-normal base-font-primary base-text-neutral-low-500 base-text-left\">\u201cQue sorte voc\u00eas t\u00eam de terem um ao outro, parab\u00e9ns!\u201d, escreveu mais um internauta. <\/p>\n<p class=\"jarvics:base-text-neutral-high-400 xovem:base-text-dark-high-400 base-text-[calc(theme(fontSize.xs)_*_var(--font-size,_1))] base-font-normal base-font-primary base-text-neutral-low-500 base-text-left\"><b>Confira:<\/b><\/p>\n<p class=\"jarvics:base-text-neutral-high-400 xovem:base-text-dark-high-400 base-text-[calc(theme(fontSize.xs)_*_var(--font-size,_1))] base-font-normal base-font-primary base-text-neutral-low-500 base-text-left\">A superprodu\u00e7\u00e3o <a href=\"https:\/\/entretenimento.r7.com\/famosos-e-tv\/ben-hur\/\" rel=\"nofollow noopener\" title=\"https:\/\/entretenimento.r7.com\/famosos-e-tv\/ben-hur\/\" target=\"_blank\"><b>Ben-Hur<\/b><\/a> \u00e9 escrita por Cristiane Cardoso e tem estreia prevista para este ano no <a href=\"https:\/\/www.univervideo.com\/\" rel=\"nofollow noopener\" title=\"https:\/\/www.univervideo.com\/\" target=\"_blank\"><b>Univer V\u00eddeo.<\/b><\/a><\/p>\n","protected":false},"excerpt":{"rendered":"Guilherme Dellorto celebra fam\u00edlia constru\u00edda com Maju Bacelar Reprodu\u00e7\u00e3o\/Instagram @guidellorto Guilherme Dellorto, que est\u00e1 no elenco de Ben-Hur,&hellip;\n","protected":false},"author":2,"featured_media":279922,"comment_status":"","ping_status":"","sticky":false,"template":"","format":"standard","meta":{"footnotes":"","_share_on_mastodon":"0"},"categories":[145],"tags":[37733,211,210,114,115,32,33],"class_list":["post-279921","post","type-post","status-publish","format-standard","has-post-thumbnail","category-celebridades","tag-ben-hur","tag-celebridades","tag-celebrities","tag-entertainment","tag-entretenimento","tag-portugal","tag-pt"],"share_on_mastodon":{"url":"https:\/\/pubeurope.com\/@pt\/116115359963317429","error":""},"_links":{"self":[{"href":"https:\/\/www.europesays.com\/pt\/wp-json\/wp\/v2\/posts\/279921","targetHints":{"allow":["GET"]}}],"collection":[{"href":"https:\/\/www.europesays.com\/pt\/wp-json\/wp\/v2\/posts"}],"about":[{"href":"https:\/\/www.europesays.com\/pt\/wp-json\/wp\/v2\/types\/post"}],"author":[{"embeddable":true,"href":"https:\/\/www.europesays.com\/pt\/wp-json\/wp\/v2\/users\/2"}],"replies":[{"embeddable":true,"href":"https:\/\/www.europesays.com\/pt\/wp-json\/wp\/v2\/comments?post=279921"}],"version-history":[{"count":0,"href":"https:\/\/www.europesays.com\/pt\/wp-json\/wp\/v2\/posts\/279921\/revisions"}],"wp:featuredmedia":[{"embeddable":true,"href":"https:\/\/www.europesays.com\/pt\/wp-json\/wp\/v2\/media\/279922"}],"wp:attachment":[{"href":"https:\/\/www.europesays.com\/pt\/wp-json\/wp\/v2\/media?parent=279921"}],"wp:term":[{"taxonomy":"category","embeddable":true,"href":"https:\/\/www.europesays.com\/pt\/wp-json\/wp\/v2\/categories?post=279921"},{"taxonomy":"post_tag","embeddable":true,"href":"https:\/\/www.europesays.com\/pt\/wp-json\/wp\/v2\/tags?post=279921"}],"curies":[{"name":"wp","href":"https:\/\/api.w.org\/{rel}","templated":true}]}}