{"id":280089,"date":"2026-02-22T21:02:07","date_gmt":"2026-02-22T21:02:07","guid":{"rendered":"https:\/\/www.europesays.com\/pt\/280089\/"},"modified":"2026-02-22T21:02:07","modified_gmt":"2026-02-22T21:02:07","slug":"cinco-pessoas-realojadas-incendio-destruiu-armazem-de-fruta-em-obidos","status":"publish","type":"post","link":"https:\/\/www.europesays.com\/pt\/280089\/","title":{"rendered":"Cinco pessoas realojadas. Inc\u00eandio destruiu armaz\u00e9m de fruta em \u00d3bidos"},"content":{"rendered":"<p>Um inc\u00eandio deflagrou ao in\u00edcio da tarde deste domingo num armaz\u00e9m frut\u00edcola de Casais de Capeleira, em \u00d3bidos. O alerta foi dado \u00e0s 14h00. Pelas 19h00, o fogo estava em fase de rescaldo. <br \/>\n<b><br \/>&#13;<br \/>\nAs opera\u00e7\u00f5es no terreno mobilizavam, a meio da tarde, 106 operacionais de diferentes corpora\u00e7\u00f5es de bombeiros volunt\u00e1rios e da GNR, apoiados por 40 ve\u00edculos.<\/b>A Guarda Nacional Republicana, destacada para o &#13;<br \/>\nlocal, montou um per\u00edmetro de seguran\u00e7a. A VMER das Caldas da Rainha &#13;<br \/>\ndirigiu-se para o teatro das opera\u00e7\u00f5es.<br \/>&#13;<\/p>\n<p>A RTP apurou, junto da Prote\u00e7\u00e3o Civil, que um bombeiro de \u00d3bidos se despistou, na sua viatura, quando se dirigia ao quartel para se equipar e combater este inc\u00eandio. <b>O operacional sofreu ferimentos ligeiros, tendo sido transportado para o Hospital das Caldas da Rainha<\/b>.&#13;\n<\/p>\n<p>\nNum balan\u00e7o das opera\u00e7\u00f5es, ao final da tarde, a comandante dos Bombeiros de \u00d3bidos, Patr\u00edcia Reis, tra\u00e7ou o retrato de um combate complexo, diante de uma elevada &#8220;carga t\u00e9rmica&#8221;.<\/p>\n<p><b>&#8220;Quando cheg\u00e1mos, o armaz\u00e9m j\u00e1 estava todo tomado e n\u00e3o conseguimos dirigir-nos ao foco principal&#8221;<\/b>, relatou aos jornalistas.<br \/>\n          <img decoding=\"async\" itemprop=\"image\" class=\"img-fluid\"   src=\"https:\/\/www.europesays.com\/pt\/wp-content\/uploads\/2026\/02\/aa5405ae85057a83ef1ebb71ed56b33f.jpeg\"\/><\/p>\n<p>Telejornal | 22 de fevereiro de 2026<\/p>\n<p>&#8220;O inc\u00eandio foi detetado pelos populares. Ao passarem na rua, verificaram que a lateral do lado esquerdo estava a arder e fizeram o alerta&#8221;, prosseguiu a comandante.<\/p>\n<p>&#8220;Temos a registar quatro v\u00edtimas, <b>duas delas transportadas para o Hospital das Caldas por inala\u00e7\u00e3o e exaust\u00e3o. S\u00e3o dois bombeiros<\/b>. <b>Temos ainda a registar cinco pessoas deslocadas<\/b>. Devido \u00e0 temperatura do inc\u00eandio, os vidros da casa partiram-se e n\u00e3o h\u00e1 condi\u00e7\u00f5es para ali permanecerem e foram realojadas&#8221;, adiantou.<br \/>&#13;\n<\/p>\n<p>&#8220;Enorme toxicidade&#8221;<br \/>\nOuvido, durante a tarde, na RTP Not\u00edcias, o presidente da C\u00e2mara Municipal de \u00d3bidos, Filipe Daniel, descrevia &#8220;um cen\u00e1rio desolador, de uma total destrui\u00e7\u00e3o dos armaz\u00e9ns agr\u00edcolas&#8221;.<\/p>\n<p>&#8220;Estamos a falar de uma empresa familiar aqui do concelho de \u00d3bidos que j\u00e1 vem, de algumas gera\u00e7\u00f5es a esta parte, a construir todo este patrim\u00f3nio, que fatura mais de dez milh\u00f5es de euros na exporta\u00e7\u00e3o de fruticultura, que <b>conta com mais de 50 trabalhadores efetivos, com mais 20 prestadores de servi\u00e7o, e que nos per\u00edodos de pico representa uma entidade empregadora para mais de 100 pessoas<\/b>&#8220;, fazia notar o autarca.<\/p>\n<p>          <img decoding=\"async\" itemprop=\"image\" class=\"img-fluid\"   src=\"https:\/\/www.europesays.com\/pt\/wp-content\/uploads\/2026\/02\/7cc20e6159d9b9805fdc3601d7b818f1.jpeg\"\/><\/p>\n<p>Filipe Daniel deixou um agradecimento \u00e0s corpora\u00e7\u00f5es de bombeiros que se juntaram ao combate \u00e0s chamas.<br \/>&#13;<\/p>\n<p>O presidete da C\u00e2mara de \u00d3bidos apontaria tamb\u00e9m para <b>&#8220;uma enorme toxicidade no ar&#8221;<\/b> causada pela quantidade de pl\u00e1stico consumida pelo fogo.<br \/>&#13;\n            <\/p>\n","protected":false},"excerpt":{"rendered":"Um inc\u00eandio deflagrou ao in\u00edcio da tarde deste domingo num armaz\u00e9m frut\u00edcola de Casais de Capeleira, em \u00d3bidos.&hellip;\n","protected":false},"author":2,"featured_media":280090,"comment_status":"","ping_status":"","sticky":false,"template":"","format":"standard","meta":{"footnotes":"","_share_on_mastodon":"0"},"categories":[10],"tags":[40068,627,27,28,15,16,14,625,25,26,21,22,12,13,19,20,15393,32,23,24,33,17,18,29,30,31],"class_list":["post-280089","post","type-post","status-publish","format-standard","has-post-thumbnail","category-portugal","tag-armazem","tag-bombeiros","tag-breaking-news","tag-breakingnews","tag-featured-news","tag-featurednews","tag-headlines","tag-incendio","tag-latest-news","tag-latestnews","tag-main-news","tag-mainnews","tag-news","tag-noticias","tag-noticias-principais","tag-noticiasprincipais","tag-obidos","tag-portugal","tag-principais-noticias","tag-principaisnoticias","tag-pt","tag-top-stories","tag-topstories","tag-ultimas","tag-ultimas-noticias","tag-ultimasnoticias"],"share_on_mastodon":{"url":"https:\/\/pubeurope.com\/@pt\/116116307873287953","error":""},"_links":{"self":[{"href":"https:\/\/www.europesays.com\/pt\/wp-json\/wp\/v2\/posts\/280089","targetHints":{"allow":["GET"]}}],"collection":[{"href":"https:\/\/www.europesays.com\/pt\/wp-json\/wp\/v2\/posts"}],"about":[{"href":"https:\/\/www.europesays.com\/pt\/wp-json\/wp\/v2\/types\/post"}],"author":[{"embeddable":true,"href":"https:\/\/www.europesays.com\/pt\/wp-json\/wp\/v2\/users\/2"}],"replies":[{"embeddable":true,"href":"https:\/\/www.europesays.com\/pt\/wp-json\/wp\/v2\/comments?post=280089"}],"version-history":[{"count":0,"href":"https:\/\/www.europesays.com\/pt\/wp-json\/wp\/v2\/posts\/280089\/revisions"}],"wp:featuredmedia":[{"embeddable":true,"href":"https:\/\/www.europesays.com\/pt\/wp-json\/wp\/v2\/media\/280090"}],"wp:attachment":[{"href":"https:\/\/www.europesays.com\/pt\/wp-json\/wp\/v2\/media?parent=280089"}],"wp:term":[{"taxonomy":"category","embeddable":true,"href":"https:\/\/www.europesays.com\/pt\/wp-json\/wp\/v2\/categories?post=280089"},{"taxonomy":"post_tag","embeddable":true,"href":"https:\/\/www.europesays.com\/pt\/wp-json\/wp\/v2\/tags?post=280089"}],"curies":[{"name":"wp","href":"https:\/\/api.w.org\/{rel}","templated":true}]}}