{"id":280378,"date":"2026-02-23T02:14:15","date_gmt":"2026-02-23T02:14:15","guid":{"rendered":"https:\/\/www.europesays.com\/pt\/280378\/"},"modified":"2026-02-23T02:14:15","modified_gmt":"2026-02-23T02:14:15","slug":"quatro-lideres-do-anonymous-detidos-por-ciberataques-a-organismos-publicos-em-espanha","status":"publish","type":"post","link":"https:\/\/www.europesays.com\/pt\/280378\/","title":{"rendered":"Quatro l\u00edderes do Anonymous detidos por ciberataques a organismos p\u00fablicos em Espanha"},"content":{"rendered":"<p data-remotead-prev-elm=\"true\" data-remotead-elm-id=\"inread\">A pol\u00edcia espanhola conseguiu identificar, em primeiro lugar, o administrador e o moderador do grupo de piratas inform\u00e1ticos, que se autodenomina parte do grupo internacional Anonymous, detidos em maio do ano passado em Alcal\u00e1 de Henares (Madrid) e Oviedo (Ast\u00farias).<\/p>\n<p data-remotead-prev-elm=\"true\" data-remotead-elm-id=\"inread2\">As informa\u00e7\u00f5es obtidas com essa interven\u00e7\u00e3o levaram \u00e0 identifica\u00e7\u00e3o de outros dois membros, os dois &#8220;hackers&#8221; mais ativos da organiza\u00e7\u00e3o, detidos em meados deste m\u00eas em Ibiza e M\u00f3stoles (Madrid), refere a Guardia Civil em comunicado.<\/p>\n<p>O grupo iniciou atividade em abril de 2023, com grande incid\u00eancia na rede social X e no Telegram, onde divulgavam not\u00edcias e informa\u00e7\u00f5es contra institui\u00e7\u00f5es espanholas e de diferentes pa\u00edses da Am\u00e9rica do Sul.<\/p>\n<p>A partir de setembro de 2024 aumentaram a atividade, com uma campanha de recrutamento de volunt\u00e1rios para perpetrar ciberataques contra dom\u00ednios relevantes.<\/p>\n<p data-remotead-prev-elm=\"true\" data-remotead-elm-id=\"centro1\">Como consequ\u00eancia desta opera\u00e7\u00e3o, o perfil do grupo na rede social X e a conta do YouTube do grupo foram bloqueadas judicialmente e o seu canal do Telegram encerrado.<\/p>\n<p>O grupo realizava ataques de &#8220;nega\u00e7\u00e3o distribu\u00edda de servi\u00e7o&#8221; (DDoS, na sigla em ingl\u00eas) a sites de minist\u00e9rios, partidos pol\u00edticos e institui\u00e7\u00f5es p\u00fablicas, um ciberataque que visa saturar um sistema de servi\u00e7o digital com um volume anormal de pedidos, impedindo-o de funcionar normalmente.<\/p>\n<p>O objetivo \u00e9 deix\u00e1-lo temporariamente fora de servi\u00e7o, dificultando ou bloqueando o acesso de utilizadores leg\u00edtimos at\u00e9 que a sua capacidade operacional seja restaurada.<\/p>\n<p data-remotead-prev-elm=\"true\" data-remotead-elm-id=\"centro2\">O grupo atingiu pico de atividade ap\u00f3s a tempestade em Val\u00eancia, quando conseguiu atacar com sucesso diferentes sites da administra\u00e7\u00e3o p\u00fablica, justificando que eram &#8220;os respons\u00e1veis pela trag\u00e9dia&#8221;.<\/p>\n<p>Para esta investiga\u00e7\u00e3o, coordenada pela Procuradoria da Sala de Criminalidade Inform\u00e1tica, pela Procuradoria de Madrid e pela Plaza 50 da Sec\u00e7\u00e3o de Instru\u00e7\u00e3o do Tribunal de Inst\u00e2ncia de Madrid, a Guarda Civil contou com a colabora\u00e7\u00e3o do Centro Criptol\u00f3gico Nacional.<\/p>\n","protected":false},"excerpt":{"rendered":"A pol\u00edcia espanhola conseguiu identificar, em primeiro lugar, o administrador e o moderador do grupo de piratas inform\u00e1ticos,&hellip;\n","protected":false},"author":2,"featured_media":280379,"comment_status":"","ping_status":"","sticky":false,"template":"","format":"standard","meta":{"footnotes":"","_share_on_mastodon":"0"},"categories":[83],"tags":[13913,88,89,90,640,2943,62,32,33],"class_list":["post-280378","post","type-post","status-publish","format-standard","has-post-thumbnail","category-empresas","tag-anonymous","tag-business","tag-economy","tag-empresas","tag-espanha","tag-hackers","tag-mundo","tag-portugal","tag-pt"],"share_on_mastodon":{"url":"https:\/\/pubeurope.com\/@pt\/116117534310120057","error":""},"_links":{"self":[{"href":"https:\/\/www.europesays.com\/pt\/wp-json\/wp\/v2\/posts\/280378","targetHints":{"allow":["GET"]}}],"collection":[{"href":"https:\/\/www.europesays.com\/pt\/wp-json\/wp\/v2\/posts"}],"about":[{"href":"https:\/\/www.europesays.com\/pt\/wp-json\/wp\/v2\/types\/post"}],"author":[{"embeddable":true,"href":"https:\/\/www.europesays.com\/pt\/wp-json\/wp\/v2\/users\/2"}],"replies":[{"embeddable":true,"href":"https:\/\/www.europesays.com\/pt\/wp-json\/wp\/v2\/comments?post=280378"}],"version-history":[{"count":0,"href":"https:\/\/www.europesays.com\/pt\/wp-json\/wp\/v2\/posts\/280378\/revisions"}],"wp:featuredmedia":[{"embeddable":true,"href":"https:\/\/www.europesays.com\/pt\/wp-json\/wp\/v2\/media\/280379"}],"wp:attachment":[{"href":"https:\/\/www.europesays.com\/pt\/wp-json\/wp\/v2\/media?parent=280378"}],"wp:term":[{"taxonomy":"category","embeddable":true,"href":"https:\/\/www.europesays.com\/pt\/wp-json\/wp\/v2\/categories?post=280378"},{"taxonomy":"post_tag","embeddable":true,"href":"https:\/\/www.europesays.com\/pt\/wp-json\/wp\/v2\/tags?post=280378"}],"curies":[{"name":"wp","href":"https:\/\/api.w.org\/{rel}","templated":true}]}}