{"id":281080,"date":"2026-02-23T17:29:08","date_gmt":"2026-02-23T17:29:08","guid":{"rendered":"https:\/\/www.europesays.com\/pt\/281080\/"},"modified":"2026-02-23T17:29:08","modified_gmt":"2026-02-23T17:29:08","slug":"harry-potter-daniel-radcliffe-admite-maior-alivio-em-relacao-ao-reboot-da-saga","status":"publish","type":"post","link":"https:\/\/www.europesays.com\/pt\/281080\/","title":{"rendered":"Harry Potter: Daniel Radcliffe admite maior al\u00edvio em rela\u00e7\u00e3o ao reboot da saga"},"content":{"rendered":"<p class=\"wp-block-yoast-seo-estimated-reading-time yoast-reading-time__wrapper\">Estimated reading time: 2 minutos<\/p>\n<p><a href=\"https:\/\/ovicio.com.br\/tag\/daniel-radcliffe\" rel=\"nofollow noopener\" target=\"_blank\">Daniel Radcliffe<\/a> j\u00e1 pode ser considerado um dos maiores entusiastas do futuro reboot de <a href=\"https:\/\/ovicio.com.br\/serie\/harry-potter\" rel=\"nofollow noopener\" target=\"_blank\">Harry Potter<\/a> para o streaming, admitindo um grande al\u00edvio em rela\u00e7\u00e3o \u00e0 saga que apenas a s\u00e9rie pode lhe proporcionar.<\/p>\n<p>Em uma declara\u00e7\u00e3o para o site Comic Book, o ex-int\u00e9rprete do bruxo hom\u00f4nimo reflete que pode finalmente seguir em frente sem ter a saga como o t\u00f3pico central do resto de sua carreira.<\/p>\n<p><strong>&#8220;Estou muito feliz que haver\u00e1 um outro grupo de pessoas para responder \u00e0s perguntas sobre a franquia. Pretendo come\u00e7ar a repassar essas perguntas daqui a alguns anos.&#8221;<\/strong><\/p>\n<p>Apesar das expectativas,<strong> Radcliffe <\/strong>j\u00e1 deixou claro n\u00e3o ter nenhum envolvimento com a pr\u00f3xima adapta\u00e7\u00e3o de <strong>Harry Potter<\/strong>, enquanto <a href=\"https:\/\/ovicio.com.br\/tag\/dominic-mclaughlin\" target=\"_blank\" rel=\"noreferrer noopener nofollow\">Dominic McLaughlin<\/a> ser\u00e1 o novo ator respons\u00e1vel por interpretar o protagonista.<\/p>\n<p>A produ\u00e7\u00e3o da 1\u00aa temporada baseada nos eventos de <strong>A Pedra Filosofal<\/strong>, permanece em produ\u00e7\u00e3o no Reino Unido, com previs\u00e3o para os trabalhos em set serem encerrados em breve.<\/p>\n<p>O lan\u00e7amento na<strong> HBO<\/strong> e <a href=\"https:\/\/ovicio.com.br\/tag\/hbo-max\" target=\"_blank\" rel=\"noreferrer noopener nofollow\">HBO Max<\/a> acontecer\u00e1 em algum momento entre janeiro e maio de 2027. <strong>Francesca Gardinier<\/strong> (Succession) \u00e9 creditada como showrunner.<\/p>\n<p>Todos os oito filmes da saga, vale destacar, se encontram dispon\u00edveis no cat\u00e1logo da plataforma da <a href=\"https:\/\/ovicio.com.br\/tag\/warner\" target=\"_blank\" rel=\"noreferrer noopener nofollow\">Warner<\/a>.<\/p>\n<p>Leia mais sobre Harry Potter e Daniel Radcliffe:<\/p>\n<p><strong>Fonte: <\/strong><a href=\"https:\/\/screenrant.com\/daniel-radcliffe-harry-potter-hbo-series-changed-life\/\" target=\"_blank\" rel=\"noreferrer noopener nofollow\">Screen Rant<\/a>.<\/p>\n","protected":false},"excerpt":{"rendered":"Estimated reading time: 2 minutos Daniel Radcliffe j\u00e1 pode ser considerado um dos maiores entusiastas do futuro reboot&hellip;\n","protected":false},"author":2,"featured_media":281081,"comment_status":"","ping_status":"","sticky":false,"template":"","format":"standard","meta":{"footnotes":"","_share_on_mastodon":"0"},"categories":[140],"tags":[15628,33877,114,115,147,148,700,1626,1583,146,32,33],"class_list":["post-281080","post","type-post","status-publish","format-standard","has-post-thumbnail","category-filmes","tag-daniel-radcliffe","tag-dominic-mclaughlin","tag-entertainment","tag-entretenimento","tag-film","tag-filmes","tag-harry-potter","tag-hbo","tag-hbo-max","tag-movies","tag-portugal","tag-pt"],"share_on_mastodon":{"url":"https:\/\/pubeurope.com\/@pt\/116121132388567794","error":""},"_links":{"self":[{"href":"https:\/\/www.europesays.com\/pt\/wp-json\/wp\/v2\/posts\/281080","targetHints":{"allow":["GET"]}}],"collection":[{"href":"https:\/\/www.europesays.com\/pt\/wp-json\/wp\/v2\/posts"}],"about":[{"href":"https:\/\/www.europesays.com\/pt\/wp-json\/wp\/v2\/types\/post"}],"author":[{"embeddable":true,"href":"https:\/\/www.europesays.com\/pt\/wp-json\/wp\/v2\/users\/2"}],"replies":[{"embeddable":true,"href":"https:\/\/www.europesays.com\/pt\/wp-json\/wp\/v2\/comments?post=281080"}],"version-history":[{"count":0,"href":"https:\/\/www.europesays.com\/pt\/wp-json\/wp\/v2\/posts\/281080\/revisions"}],"wp:featuredmedia":[{"embeddable":true,"href":"https:\/\/www.europesays.com\/pt\/wp-json\/wp\/v2\/media\/281081"}],"wp:attachment":[{"href":"https:\/\/www.europesays.com\/pt\/wp-json\/wp\/v2\/media?parent=281080"}],"wp:term":[{"taxonomy":"category","embeddable":true,"href":"https:\/\/www.europesays.com\/pt\/wp-json\/wp\/v2\/categories?post=281080"},{"taxonomy":"post_tag","embeddable":true,"href":"https:\/\/www.europesays.com\/pt\/wp-json\/wp\/v2\/tags?post=281080"}],"curies":[{"name":"wp","href":"https:\/\/api.w.org\/{rel}","templated":true}]}}