{"id":281237,"date":"2026-02-23T20:29:15","date_gmt":"2026-02-23T20:29:15","guid":{"rendered":"https:\/\/www.europesays.com\/pt\/281237\/"},"modified":"2026-02-23T20:29:15","modified_gmt":"2026-02-23T20:29:15","slug":"bbb-26-cowboy-admite-que-citou-pai-de-ana-paula-em-briga","status":"publish","type":"post","link":"https:\/\/www.europesays.com\/pt\/281237\/","title":{"rendered":"BBB 26: Cowboy admite que citou pai de Ana Paula em briga"},"content":{"rendered":"<p>                                <img decoding=\"async\" fetchpriority=\"high\" width=\"1280\" height=\"720\" src=\"https:\/\/www.europesays.com\/pt\/wp-content\/uploads\/2026\/02\/globo-bbb-26-alberto-cowboy.jpg\" alt=\"Alberto Cowboy, ex-BBB que retornou para o BBB 26\" class=\"media \"\/>                Alberto Cowboy, ex-BBB que retornou para o BBB 26 \u00a0(Reprodu\u00e7\u00e3o\/TV Globo)<\/p>\n<p>                    Continua ap\u00f3s publicidade<\/p>\n<p style=\"text-align: justify;\"><strong> Ana Paula Renault<\/strong> teve uma briga acalorada com <strong>Alberto Cowboy<\/strong>, no BBB 26, ap\u00f3s o veterano mencionar o <a href=\"https:\/\/veja.abril.com.br\/coluna\/veja-gente\/o-estado-de-saude-do-pai-de-ana-paula-pivo-de-briga-no-bbb-26\/\" rel=\"nofollow noopener\" target=\"_blank\">nome de seu pai durante um conflito<\/a>. Na madrugada desta segunda-feira, 23, o brother admitiu em conversa com <strong>Maxiane<\/strong> que usou a estrat\u00e9gia para desestabilizar a advers\u00e1ria. \u201cFico chateado com isso da Ana Paula, de ter falado com ela algo que sei que machuca. Ela faz isso o tempo todo com a gente, e a\u00ed voc\u00ea tem que come\u00e7ar a jogar igual\u201d, disse Cowboy.<\/p>\n<p style=\"text-align: justify;\">O embate come\u00e7ou ap\u00f3s a forma\u00e7\u00e3o do sexto Pared\u00e3o. Na ocasi\u00e3o, o veterano citou o pai de Ana Paula: \u201cVoc\u00ea \u00e9 t\u00e3o humana, n\u00e9? A Milena perdeu a prova para voc\u00ea ver seu pai!\u201d, disse ele em tom de deboche. \u201cFala do meu pai de novo, desgra\u00e7ado! Voc\u00ea n\u00e3o sabe o que estou passando aqui. Quase que n\u00e3o entro aqui por causa dele\u201d, gritou ela, que ainda amassou o chap\u00e9u do rival. Em conversa na casa, Ana Paula afirmou que, no R\u00e9veillon, o pai dela, que tem 96 anos, \u201cestava praticamente morto\u201d.<\/p>\n<p><strong>Leia mais: <a href=\"https:\/\/veja.abril.com.br\/coluna\/veja-gente\/o-estado-de-saude-do-pai-de-ana-paula-pivo-de-briga-no-bbb-26\/\" rel=\"nofollow noopener\" target=\"_blank\">O estado de sa\u00fade do pai de Ana Paula, piv\u00f4 de briga no BBB 26<\/a><\/strong><\/p>\n","protected":false},"excerpt":{"rendered":"Alberto Cowboy, ex-BBB que retornou para o BBB 26 \u00a0(Reprodu\u00e7\u00e3o\/TV Globo) Continua ap\u00f3s publicidade Ana Paula Renault teve&hellip;\n","protected":false},"author":2,"featured_media":281238,"comment_status":"","ping_status":"","sticky":false,"template":"","format":"standard","meta":{"footnotes":"","_share_on_mastodon":"0"},"categories":[142],"tags":[15986,566,114,115,3620,10562,32,33,151],"class_list":["post-281237","post","type-post","status-publish","format-standard","has-post-thumbnail","category-tv","tag-bbb-26","tag-briga","tag-entertainment","tag-entretenimento","tag-gente","tag-pai","tag-portugal","tag-pt","tag-tv"],"share_on_mastodon":{"url":"https:\/\/pubeurope.com\/@pt\/116121840019298244","error":""},"_links":{"self":[{"href":"https:\/\/www.europesays.com\/pt\/wp-json\/wp\/v2\/posts\/281237","targetHints":{"allow":["GET"]}}],"collection":[{"href":"https:\/\/www.europesays.com\/pt\/wp-json\/wp\/v2\/posts"}],"about":[{"href":"https:\/\/www.europesays.com\/pt\/wp-json\/wp\/v2\/types\/post"}],"author":[{"embeddable":true,"href":"https:\/\/www.europesays.com\/pt\/wp-json\/wp\/v2\/users\/2"}],"replies":[{"embeddable":true,"href":"https:\/\/www.europesays.com\/pt\/wp-json\/wp\/v2\/comments?post=281237"}],"version-history":[{"count":0,"href":"https:\/\/www.europesays.com\/pt\/wp-json\/wp\/v2\/posts\/281237\/revisions"}],"wp:featuredmedia":[{"embeddable":true,"href":"https:\/\/www.europesays.com\/pt\/wp-json\/wp\/v2\/media\/281238"}],"wp:attachment":[{"href":"https:\/\/www.europesays.com\/pt\/wp-json\/wp\/v2\/media?parent=281237"}],"wp:term":[{"taxonomy":"category","embeddable":true,"href":"https:\/\/www.europesays.com\/pt\/wp-json\/wp\/v2\/categories?post=281237"},{"taxonomy":"post_tag","embeddable":true,"href":"https:\/\/www.europesays.com\/pt\/wp-json\/wp\/v2\/tags?post=281237"}],"curies":[{"name":"wp","href":"https:\/\/api.w.org\/{rel}","templated":true}]}}