{"id":281369,"date":"2026-02-23T22:18:11","date_gmt":"2026-02-23T22:18:11","guid":{"rendered":"https:\/\/www.europesays.com\/pt\/281369\/"},"modified":"2026-02-23T22:18:11","modified_gmt":"2026-02-23T22:18:11","slug":"jovem-de-20-e-poucos-anos-que-foi-dado-como-desaparecido-pela-mae-entrou-20-ou-30-metros-na-casa-de-trump-acabou-abatido","status":"publish","type":"post","link":"https:\/\/www.europesays.com\/pt\/281369\/","title":{"rendered":"Jovem de 20 e poucos anos que foi dado como desaparecido pela m\u00e3e entrou 20 ou 30 metros na casa de Trump. Acabou abatido"},"content":{"rendered":"<p>\t                Quando deu de cara com agentes dos servi\u00e7os secretos colocou a espingarda que levava em &#8220;posi\u00e7\u00e3o de tiro&#8221;<\/p>\n<p>O homem que <a href=\"https:\/\/cnnportugal.iol.pt\/donald-trump\/mar-a-lago\/homem-armado-morto-a-tiro-ao-tentar-entrar-em-mar-a-lago-o-resort-de-trump-na-florida\/20260222\/699b13ebd34e28842c80f031\" target=\"_blank\" rel=\"nofollow noopener\">morreu<\/a> na madrugada deste domingo na propriedade de Mar-a-Lago tinha 20 e poucos anos. As autoridades adiantaram poucas informa\u00e7\u00f5es do suspeito que tentou invadir a propriedade do presidente dos Estados Unidos na Florida, mas j\u00e1 come\u00e7aram a libertar alguns detalhes.<\/p>\n<p>Sabe-se ent\u00e3o que ser\u00e1 um jovem e que \u00e9 branco. Por volta das 01:30 locais tentou aproveitar a sa\u00edda de um funcion\u00e1rio da propriedade para entrar, conseguindo avan\u00e7ar 20 ou 30 metros, antes de dar de cara com agentes da autoridade.<\/p>\n<p>Um delegado do gabinete do xerife e dois agentes dos servi\u00e7os secretos acabaram por intercet\u00e1-lo, ordenando-lhe que pousasse a espingarda e o jerric\u00e3 de combust\u00edvel que transportava.<\/p>\n<p>O homem pousou o jerric\u00e3, mas colocou a espingarda em &#8220;posi\u00e7\u00e3o de tiro&#8221;, de acordo com as autoridades, o que motivou os agentes a disparar a matar.<\/p>\n<p>Embora ainda n\u00e3o tenham revelado mais dados do suspeito, as autoridades norte-americanas confirmaram que se trata de um jovem natural da Carolina do Norte que tinha sido dado como desaparecido pela m\u00e3e no dia anterior.<\/p>\n<p>A investiga\u00e7\u00e3o ao caso est\u00e1 a ser coordenada pelo FBI, que tem equipas no local a recolher provas e a tentar perceber junto do passado do suspeito quais os motivos para tal a\u00e7\u00e3o.<\/p>\n","protected":false},"excerpt":{"rendered":"Quando deu de cara com agentes dos servi\u00e7os secretos colocou a espingarda que levava em &#8220;posi\u00e7\u00e3o de tiro&#8221;&hellip;\n","protected":false},"author":2,"featured_media":281370,"comment_status":"","ping_status":"","sticky":false,"template":"","format":"standard","meta":{"footnotes":"","_share_on_mastodon":"0"},"categories":[8],"tags":[609,836,611,27,28,607,608,333,832,604,135,610,92,476,235,413,15,16,1622,301,830,14,603,25,26,570,21,22,831,40607,833,62,834,12,13,19,20,835,602,52,32,23,24,33,17,18,29,30,31],"class_list":["post-281369","post","type-post","status-publish","format-standard","has-post-thumbnail","category-principais-noticias","tag-alerta","tag-analise","tag-ao-minuto","tag-breaking-news","tag-breakingnews","tag-cnn","tag-cnn-portugal","tag-comentadores","tag-costa","tag-crime","tag-desporto","tag-direto","tag-donald-trump","tag-economia","tag-estados-unidos","tag-eua","tag-featured-news","tag-featurednews","tag-florida","tag-governo","tag-guerra","tag-headlines","tag-justica","tag-latest-news","tag-latestnews","tag-live","tag-main-news","tag-mainnews","tag-mais-vistas","tag-mar-a-lago","tag-marcelo","tag-mundo","tag-negocios","tag-news","tag-noticias","tag-noticias-principais","tag-noticiasprincipais","tag-opiniao","tag-pais","tag-politica","tag-portugal","tag-principais-noticias","tag-principaisnoticias","tag-pt","tag-top-stories","tag-topstories","tag-ultimas","tag-ultimas-noticias","tag-ultimasnoticias"],"share_on_mastodon":{"url":"","error":"Validation failed: Text character limit of 500 exceeded"},"_links":{"self":[{"href":"https:\/\/www.europesays.com\/pt\/wp-json\/wp\/v2\/posts\/281369","targetHints":{"allow":["GET"]}}],"collection":[{"href":"https:\/\/www.europesays.com\/pt\/wp-json\/wp\/v2\/posts"}],"about":[{"href":"https:\/\/www.europesays.com\/pt\/wp-json\/wp\/v2\/types\/post"}],"author":[{"embeddable":true,"href":"https:\/\/www.europesays.com\/pt\/wp-json\/wp\/v2\/users\/2"}],"replies":[{"embeddable":true,"href":"https:\/\/www.europesays.com\/pt\/wp-json\/wp\/v2\/comments?post=281369"}],"version-history":[{"count":0,"href":"https:\/\/www.europesays.com\/pt\/wp-json\/wp\/v2\/posts\/281369\/revisions"}],"wp:featuredmedia":[{"embeddable":true,"href":"https:\/\/www.europesays.com\/pt\/wp-json\/wp\/v2\/media\/281370"}],"wp:attachment":[{"href":"https:\/\/www.europesays.com\/pt\/wp-json\/wp\/v2\/media?parent=281369"}],"wp:term":[{"taxonomy":"category","embeddable":true,"href":"https:\/\/www.europesays.com\/pt\/wp-json\/wp\/v2\/categories?post=281369"},{"taxonomy":"post_tag","embeddable":true,"href":"https:\/\/www.europesays.com\/pt\/wp-json\/wp\/v2\/tags?post=281369"}],"curies":[{"name":"wp","href":"https:\/\/api.w.org\/{rel}","templated":true}]}}