{"id":281653,"date":"2026-02-24T02:53:09","date_gmt":"2026-02-24T02:53:09","guid":{"rendered":"https:\/\/www.europesays.com\/pt\/281653\/"},"modified":"2026-02-24T02:53:09","modified_gmt":"2026-02-24T02:53:09","slug":"soraia-sousa-fala-abertamente-sobre-fim-da-relacao-com-o-ator-joao-jesus-e-diz-o-motivo-primeira-companhia","status":"publish","type":"post","link":"https:\/\/www.europesays.com\/pt\/281653\/","title":{"rendered":"Soraia Sousa fala abertamente sobre fim da rela\u00e7\u00e3o com o ator Jo\u00e3o Jesus. E diz o motivo &#8211; Primeira Companhia"},"content":{"rendered":"<p data-end=\"581\" data-start=\"119\">Depois de conquistar o segundo lugar na final de \u00ab1.\u00aa Companhia\u00bb, da TVI, <strong>Soraia Sousa <\/strong>marcou presen\u00e7a no \u00abDois \u00e0s 10\u00bb, esta segunda-feira, 23 de fevereiro, para a sua primeira grande conversa em televis\u00e3o. Entre mem\u00f3rias da experi\u00eancia na base de Bucelas e reflex\u00f5es pessoais,<strong> <a href=\"https:\/\/tvi.iol.pt\/primeiracompanhia\/video\/soraia-sousa-responde-a-rumores-sobre-o-instrutor-joaquim-veja-a-conversa-completa\/699c42750cf27cac6fcec02b\" rel=\"nofollow noopener\" target=\"_blank\">a atriz falou sem filtros sobre os rumores de flirt com o instrutor Joaquim e sobre o fim da rela\u00e7\u00e3o com o ator Jo\u00e3o Jesus.<\/a><\/strong><\/p>\n<p data-end=\"581\" data-start=\"119\">\u00a0<\/p>\n<p data-end=\"581\" data-start=\"119\">\u00a0<\/p>\n<p>O fim da rela\u00e7\u00e3o com Jo\u00e3o Jesus<\/p>\n<p data-end=\"1992\" data-start=\"1771\"><a href=\"https:\/\/tvi.iol.pt\/primeiracompanhia\/soraia-sousa\/joao-jesus\/soraia-sousa-revela-detalhes-ineditos-sobre-a-separacao-de-joao-jesus-dentro-do-dificil-que-foi\" rel=\"nofollow noopener\" target=\"_blank\">Soraia Sousa falou do t\u00e9rmino da rela\u00e7\u00e3o com Jo\u00e3o Jesus,<\/a> com quem esteve cinco anos e viveu uma hist\u00f3ria discreta e s\u00f3lida. A entrada em \u00ab1.\u00aa Companhia\u00bb aconteceu poucos meses depois da separa\u00e7\u00e3o.<\/p>\n<p data-end=\"2183\" data-start=\"1994\">\u00abEu estive com o Jo\u00e3o cinco anos e n\u00f3s damo-nos muito bem, vivemos juntos durante cinco anos e eu tamb\u00e9m conhe\u00e7o o Jo\u00e3o. Mesmo que mexessem, ele ia-me defender como eu o defendo\u00bb, garantiu.<\/p>\n<p data-end=\"2332\" data-start=\"2185\">J\u00e1 fora da base, os dois voltaram a falar. <strong>\u00abJ\u00e1 fal\u00e1mos. Em rela\u00e7\u00e3o a ele, eu estava muito tranquila, porque ele conhece-me, eu conhe\u00e7o-o\u00bb,<\/strong> revelou.<\/p>\n<p data-end=\"2696\" data-start=\"2334\">Sobre o fim da rela\u00e7\u00e3o, a atriz fez quest\u00e3o de sublinhar a maturidade de ambos: \u00abEu acho que \u00e9 a maturidade e \u00e9 n\u00f3s gostarmos muito um do outro. Eu respeito muito o Jo\u00e3o, para mim \u00e9 um dos melhores atores que n\u00f3s temos, respeito muito o trabalho dele, respeito muito a fam\u00edlia dele, adoro-os a todos. <strong>Nada correu mal. Foi um motivo, mas n\u00e3o houve nada de grave\u00bb.<\/strong><\/p>\n<p data-end=\"2974\" data-start=\"2698\">Sem discuss\u00f5es intensas ou conflitos p\u00fablicos, o t\u00e9rmino aconteceu por \u00abalguns motivos\u00bb, mas sempre com respeito: <strong>\u00abNunca houve aquelas discuss\u00f5es gigantes. Eu tenho muito respeito por ele, sei que ele tamb\u00e9m tem por mim, portanto sei que ele me ia defender c\u00e1 fora<\/strong>\u00bb, concluiu.<\/p>\n<p data-end=\"2974\" data-start=\"2698\">\u00a0<\/p>\n<p>A pr\u00f3ximidade ao instrutor Joaquim <\/p>\n<p data-end=\"855\" data-start=\"583\">\u00c0 conversa com <strong>Cristina Ferreira<\/strong>, <strong>a cumplicidade com o instrutor Joaquim foi um dos temas inevit\u00e1veis.<\/strong> \u00abH\u00e1 um instrutor, em particular, que se foi dizendo que havia um encantamento\u2026 Soraia em rela\u00e7\u00e3o ao instrutor Joaquim. N\u00e3o houve?\u00bb, questionou a apresentadora.<\/p>\n<p data-end=\"1129\" data-start=\"857\">Bem disposta, Soraia abriu o jogo: \u00ab<strong>Que eu saiba n\u00e3o, mas \u00e9 assim, eu tive tantos namorados\u2026 que na verdade n\u00e3o aproveitei foi nenhum\u00bb<\/strong>, atirou, em tom de brincadeira. E recordou ainda um coment\u00e1rio feito dentro da casa: \u00abFilipe disse que eu era a namoradinha de Portugal\u00bb.<\/p>\n<p data-end=\"1586\" data-start=\"1131\">A atriz explicou que a proximidade come\u00e7ou logo nas primeiras semanas: \u00abIsto come\u00e7ou com o Rodrigo [Castelhano], damo-nos super bem (\u2026) \u00e9 super-respeitador. Ali dentro, naquele contexto, nunca ningu\u00e9m foi demasiado. Enquanto n\u00e3o h\u00e1 maldade, est\u00e1 tudo ok. Depois ele saiu, ouvi qualquer coisa do Nuno Janeiro. <strong>Agora o instrutor Joaquim. Realmente eu vejo os v\u00eddeos e, vendo aqueles v\u00eddeos, eu estou completamente apaixonada!\u00bb<\/strong>, confessou, entre gargalhadas.<\/p>\n<p data-end=\"1732\" data-start=\"1588\">Cristina Ferreira ainda insistiu: \u00abN\u00e3o podes estar e s\u00f3 n\u00e3o sabes?\u00bb Soraia respondeu sem perder o humor: <strong>\u00abEu acho que n\u00e3o, n\u00e3o sei, vou pensar!\u00bb<\/strong><\/p>\n<p>Um empurr\u00e3o e muitos \u201csorrisinhos\u201d: Clima entre Soraia e Instrutor Joaquim deixa redes sociais \u201con fire\u201d <\/p>\n<p style=\"margin-bottom: 11px;\">O \u00faltimo treino antes da grande final <strong>ficou marcado por um momento que n\u00e3o passou despercebido<\/strong>. Na noite de quinta-feira, dia 19 de fevereiro, <strong>Soraia e o Instrutor Joaquim protagonizaram uma s\u00e9rie de trocas de sorrisos e brincadeiras<\/strong> que rapidamente alimentaram as especula\u00e7\u00f5es nas redes sociais.<\/p>\n<p>Na pista de obst\u00e1culos, <strong>a recruta mostrou-se particularmente \u00e0 vontade com o militar:<\/strong> num momento de descontra\u00e7\u00e3o, empurrou o Instrutor Joaquim e <strong>conseguiu arrancar-lhe um sorriso<\/strong>. O gelo, aparentemente, estava quebrado e <strong>os sorrisos que se seguiram e as picardias entre os dois n\u00e3o deixaram ningu\u00e9m indiferente.<\/strong><\/p>\n<p>Nas redes sociais, os f\u00e3s do programa j\u00e1 n\u00e3o t\u00eam d\u00favidas: <strong>para muitos, a cumplicidade entre os dois vai al\u00e9m de uma simples amizade a nascer.<\/strong> Os <strong>coment\u00e1rios multiplicam-se e o tema tornou-se um dos mais falados do momento<\/strong>.\u00a0Resta saber se, depois da final, <strong>esta hist\u00f3ria ter\u00e1 um novo cap\u00edtulo.<\/strong><\/p>\n<p><strong>Veja aqui o video do momento em quest\u00e3o:\u00a0<\/strong><\/p>\n<p>\u00a0<\/p>\n","protected":false},"excerpt":{"rendered":"Depois de conquistar o segundo lugar na final de \u00ab1.\u00aa Companhia\u00bb, da TVI, Soraia Sousa marcou presen\u00e7a no&hellip;\n","protected":false},"author":2,"featured_media":281654,"comment_status":"","ping_status":"","sticky":false,"template":"","format":"standard","meta":{"footnotes":"","_share_on_mastodon":"0"},"categories":[85],"tags":[41536,114,115,18705,721,32,33,14291,41535],"class_list":["post-281653","post","type-post","status-publish","format-standard","has-post-thumbnail","category-entretenimento","tag-bastidores-da-recruta","tag-entertainment","tag-entretenimento","tag-entrevistas-concorrentes-tvi","tag-joao-jesus","tag-portugal","tag-pt","tag-soraia-sousa","tag-vida-fora-da-base"],"share_on_mastodon":{"url":"https:\/\/pubeurope.com\/@pt\/116123349969590045","error":""},"_links":{"self":[{"href":"https:\/\/www.europesays.com\/pt\/wp-json\/wp\/v2\/posts\/281653","targetHints":{"allow":["GET"]}}],"collection":[{"href":"https:\/\/www.europesays.com\/pt\/wp-json\/wp\/v2\/posts"}],"about":[{"href":"https:\/\/www.europesays.com\/pt\/wp-json\/wp\/v2\/types\/post"}],"author":[{"embeddable":true,"href":"https:\/\/www.europesays.com\/pt\/wp-json\/wp\/v2\/users\/2"}],"replies":[{"embeddable":true,"href":"https:\/\/www.europesays.com\/pt\/wp-json\/wp\/v2\/comments?post=281653"}],"version-history":[{"count":0,"href":"https:\/\/www.europesays.com\/pt\/wp-json\/wp\/v2\/posts\/281653\/revisions"}],"wp:featuredmedia":[{"embeddable":true,"href":"https:\/\/www.europesays.com\/pt\/wp-json\/wp\/v2\/media\/281654"}],"wp:attachment":[{"href":"https:\/\/www.europesays.com\/pt\/wp-json\/wp\/v2\/media?parent=281653"}],"wp:term":[{"taxonomy":"category","embeddable":true,"href":"https:\/\/www.europesays.com\/pt\/wp-json\/wp\/v2\/categories?post=281653"},{"taxonomy":"post_tag","embeddable":true,"href":"https:\/\/www.europesays.com\/pt\/wp-json\/wp\/v2\/tags?post=281653"}],"curies":[{"name":"wp","href":"https:\/\/api.w.org\/{rel}","templated":true}]}}