{"id":28168,"date":"2025-08-13T21:25:27","date_gmt":"2025-08-13T21:25:27","guid":{"rendered":"https:\/\/www.europesays.com\/pt\/28168\/"},"modified":"2025-08-13T21:25:27","modified_gmt":"2025-08-13T21:25:27","slug":"ja-ha-licenca-para-porto-espacial-em-santa-maria-nos-acores-observador","status":"publish","type":"post","link":"https:\/\/www.europesays.com\/pt\/28168\/","title":{"rendered":"J\u00e1 h\u00e1 licen\u00e7a para porto espacial em Santa Maria nos A\u00e7ores \u2013 Observador"},"content":{"rendered":"<p>J\u00e1 h\u00e1, em Santa Maria nos A\u00e7ores, um local de lan\u00e7amento espacial. A Anacom emitiu a primeira licen\u00e7a para um <strong>porto espacial<\/strong> em Portugal \u00e0 empresa Atlantic Spaceport Consortium (ASC), anunciou em comunicado conjunto com a Ag\u00eancia Espacial Portuguesa. O licenciamento \u00e9 apenas para o centro, sendo ainda necess\u00e1rias outras licen\u00e7as para que haja opera\u00e7\u00f5es de lan\u00e7amento.<\/p>\n<p>A licen\u00e7a, v\u00e1lida para cinco anos, \u00e9 exclusivamente para \u201copera\u00e7\u00e3o do <strong>centro de lan\u00e7amento<\/strong> a localizar na Malbusca, na ilha de Santa Maria, nos A\u00e7ores. A Anacom e a Ag\u00eancia Espacial Portuguesa especificam que esta licen\u00e7a \u201cn\u00e3o abrange as opera\u00e7\u00f5es de lan\u00e7amento propriamente ditas, as quais carecem de licenciamento e avalia\u00e7\u00e3o espec\u00edfica\u201d:<\/p>\n<p>Um estudo da Ag\u00eancia Espacial Europeia (ESA) indiciou a Malbusca como sendo o local em que t\u00e9cnica e financeiramente seria vi\u00e1vel a constru\u00e7\u00e3o dessa base espacial, a pensar no lan\u00e7amento de minissat\u00e9lites. A Ag\u00eancia Espacial Portuguesa \u00e9 respons\u00e1vel por \u201cpromover e enquadrar a avalia\u00e7\u00e3o t\u00e9cnica e estrat\u00e9gica do pedido, atendendo \u00e0s suas compet\u00eancias e ao seu conhecimento aprofundado desta \u00e1rea a n\u00edvel nacional e internacional, tendo em vista a aprova\u00e7\u00e3o pr\u00e9via do Governo\u201d, especifica a Anacom.<\/p>\n<p>Este passo que \u00e9 dado agora \u00e9 poss\u00edvel, indicam ainda as entidades no comunicado, pela revis\u00e3o do quadro legal em fevereiro de 2024, que criou um regime para estes centros, permitindo que \u201cqualquer entidade \u2013 p\u00fablica ou privada \u2013 possa requerer a instala\u00e7\u00e3o e opera\u00e7\u00e3o de centros de lan\u00e7amento, desde que cumpridos os requisitos de seguran\u00e7a e salvaguardados os interesses estrat\u00e9gicos nacionais.\u201d<\/p>\n<p>Neste licenciamento foram ouvidos o Governo Regional dos A\u00e7ores e a C\u00e2mara Municipal de Vila do Porto, que deram parecer positivo.<\/p>\n<p>A empresa requerente e agora com a primeira licen\u00e7a \u00e9 a ASC, cujo objetivo, indica, em comunicado, \u00e9 \u201cavan\u00e7ar para o pr\u00f3ximo patamar de atividade, continuando a atrair operadores de lan\u00e7adores, que poder\u00e3o agora iniciar os seus pr\u00f3prios processos de licenciamento, indicando junto da Autoridade Espacial, o Centro de Lan\u00e7amento de Malbusca como o seu porto espacial\u201d. A ASC espera ter os <strong>primeiros voos suborbitais na primavera de 2026. Estes ainda t\u00eam de ser licenciados.\u00a0<\/strong><\/p>\n<p>A ASC \u00e9 um cons\u00f3rcio feito pelas companhias Ilex Space\u00a0e Optimal Structural Solutions.<\/p>\n<p>A Anacom indica ainda que est\u00e1 a decorrer em paralelo os trabalhos para a constitui\u00e7\u00e3o de centros de retorno de emiss\u00f5es espaciais.<\/p>\n","protected":false},"excerpt":{"rendered":"J\u00e1 h\u00e1, em Santa Maria nos A\u00e7ores, um local de lan\u00e7amento espacial. A Anacom emitiu a primeira licen\u00e7a&hellip;\n","protected":false},"author":2,"featured_media":28169,"comment_status":"","ping_status":"","sticky":false,"template":"","format":"standard","meta":{"footnotes":""},"categories":[10],"tags":[3269,1817,27,28,442,476,90,441,15,16,14,25,26,21,22,12,13,19,20,57,32,23,24,33,58,110,3270,17,18,29,30,31],"class_list":{"0":"post-28168","1":"post","2":"type-post","3":"status-publish","4":"format-standard","5":"has-post-thumbnail","7":"category-portugal","8":"tag-anacom","9":"tag-au00e7ores","10":"tag-breaking-news","11":"tag-breakingnews","12":"tag-ciu00eancia","13":"tag-economia","14":"tag-empresas","15":"tag-espau00e7o","16":"tag-featured-news","17":"tag-featurednews","18":"tag-headlines","19":"tag-latest-news","20":"tag-latestnews","21":"tag-main-news","22":"tag-mainnews","23":"tag-news","24":"tag-noticias","25":"tag-noticias-principais","26":"tag-noticiasprincipais","27":"tag-pau00eds","28":"tag-portugal","29":"tag-principais-noticias","30":"tag-principaisnoticias","31":"tag-pt","32":"tag-sociedade","33":"tag-tecnologia","34":"tag-telecomunicau00e7u00f5es","35":"tag-top-stories","36":"tag-topstories","37":"tag-ultimas","38":"tag-ultimas-noticias","39":"tag-ultimasnoticias"},"share_on_mastodon":{"url":"","error":""},"_links":{"self":[{"href":"https:\/\/www.europesays.com\/pt\/wp-json\/wp\/v2\/posts\/28168","targetHints":{"allow":["GET"]}}],"collection":[{"href":"https:\/\/www.europesays.com\/pt\/wp-json\/wp\/v2\/posts"}],"about":[{"href":"https:\/\/www.europesays.com\/pt\/wp-json\/wp\/v2\/types\/post"}],"author":[{"embeddable":true,"href":"https:\/\/www.europesays.com\/pt\/wp-json\/wp\/v2\/users\/2"}],"replies":[{"embeddable":true,"href":"https:\/\/www.europesays.com\/pt\/wp-json\/wp\/v2\/comments?post=28168"}],"version-history":[{"count":0,"href":"https:\/\/www.europesays.com\/pt\/wp-json\/wp\/v2\/posts\/28168\/revisions"}],"wp:featuredmedia":[{"embeddable":true,"href":"https:\/\/www.europesays.com\/pt\/wp-json\/wp\/v2\/media\/28169"}],"wp:attachment":[{"href":"https:\/\/www.europesays.com\/pt\/wp-json\/wp\/v2\/media?parent=28168"}],"wp:term":[{"taxonomy":"category","embeddable":true,"href":"https:\/\/www.europesays.com\/pt\/wp-json\/wp\/v2\/categories?post=28168"},{"taxonomy":"post_tag","embeddable":true,"href":"https:\/\/www.europesays.com\/pt\/wp-json\/wp\/v2\/tags?post=28168"}],"curies":[{"name":"wp","href":"https:\/\/api.w.org\/{rel}","templated":true}]}}