{"id":28179,"date":"2025-08-13T21:32:24","date_gmt":"2025-08-13T21:32:24","guid":{"rendered":"https:\/\/www.europesays.com\/pt\/28179\/"},"modified":"2025-08-13T21:32:24","modified_gmt":"2025-08-13T21:32:24","slug":"o-trailer-do-poderoso-drama-netflix-com-ator-vencedor-do-oscar","status":"publish","type":"post","link":"https:\/\/www.europesays.com\/pt\/28179\/","title":{"rendered":"O trailer do poderoso drama Netflix com ator vencedor do Oscar"},"content":{"rendered":"<p>A <a href=\"https:\/\/tangerina.uol.com.br\/tag\/netflix\/\" target=\"_blank\" rel=\"noreferrer noopener nofollow\">Netflix<\/a> divulgou nesta quarta-feira (13) o trailer de seu novo drama, Steve, estrelado pelo vencedor do Oscar Cillian Murphy. O filme, que tem lan\u00e7amento previsto para 19 de setembro em cinemas selecionados e 3 de outubro na plataforma de streaming, \u00e9 uma adapta\u00e7\u00e3o do romance de Max Porter, Shy, publicado em 2023.<\/p>\n<p>Steve se passa em meados da d\u00e9cada de 1990 e acompanha um dia crucial na vida de Steve (interpretado por Murphy), o diretor de uma escola de ressocializa\u00e7\u00e3o de \u00faltima chance para jovens que foram abandonados pelo mundo. Enquanto Steve luta para proteger a integridade da escola e evitar seu iminente fechamento, ele tamb\u00e9m enfrenta seus pr\u00f3prios desafios de sa\u00fade mental. <\/p>\n<p>Paralelamente, a trama apresenta Shy (Jay Lycurgo), um adolescente problem\u00e1tico que se divide entre seu passado e futuro, tentando equilibrar sua fragilidade interior com impulsos de autodestrui\u00e7\u00e3o e viol\u00eancia. O trailer do filme mostra Steve descrevendo-se como \u201cmuito, muito cansado\u201d e tentando se conectar com os alunos, ao mesmo tempo em que lida com seus pr\u00f3prios mecanismos de enfrentamento.<\/p>\n<p>Assista ao trailer Netflix:<\/p>\n<p>O elenco de Steve inclui, al\u00e9m de Cillian Murphy e Jay Lycurgo, nomes como Tracey Ullman, Simbi Ajikawo e Emily Watson. A dire\u00e7\u00e3o \u00e9 de Tim Mielants, e o roteiro foi escrito pelo pr\u00f3prio Max Porter, que tamb\u00e9m atua como produtor executivo. Alan Moloney, Cillian Murphy e Tina Pawlik s\u00e3o os produtores do filme, com a m\u00fasica composta por Ben Salisbury e Geoff Barrow.<\/p>\n<p>Esta n\u00e3o \u00e9 a primeira vez que Murphy colabora com Porter; eles j\u00e1 trabalharam juntos em 2019 na adapta\u00e7\u00e3o para o palco do livro de Porter de 2015, Grief Is the Thing With Feathers, e no curta-metragem All of This Unreal Time, de 2021. Murphy e o diretor Tim Mielants tamb\u00e9m j\u00e1 haviam trabalhado juntos na terceira temporada de Peaky Blinders e no filme Pequenas Coisas Como Estas, de 2024.<\/p>\n<p>Steve ter\u00e1 sua estreia no Festival Internacional de Cinema de Toronto em setembro. Cillian Murphy, que ganhou o Oscar de Melhor Ator por seu <a href=\"https:\/\/tangerina.uol.com.br\/filmes-series\/como-o-filme-da-bomba-atomica-de-james-cameron-e-diferente-de-oppenheimer\/\" target=\"_blank\" rel=\"noreferrer noopener nofollow\">papel principal em Oppenheimer (2023)<\/a>, tamb\u00e9m est\u00e1 confirmado para aparecer no pr\u00f3ximo filme de <a href=\"https:\/\/tangerina.uol.com.br\/filmes-series\/proximo-filme-de-james-bond-sera-escrito-pelo-criador-de-peaky-blinders\/\" target=\"_blank\" rel=\"noreferrer noopener nofollow\">Peaky Blinders<\/a> e em Exterm\u00ednio: O Templo de Ossos, uma sequ\u00eancia da franquia de zumbis prevista para ser lan\u00e7ada em 2026.<\/p>\n","protected":false},"excerpt":{"rendered":"A Netflix divulgou nesta quarta-feira (13) o trailer de seu novo drama, Steve, estrelado pelo vencedor do Oscar&hellip;\n","protected":false},"author":2,"featured_media":28180,"comment_status":"","ping_status":"","sticky":false,"template":"","format":"standard","meta":{"footnotes":""},"categories":[140],"tags":[114,115,147,148,146,716,32,33],"class_list":{"0":"post-28179","1":"post","2":"type-post","3":"status-publish","4":"format-standard","5":"has-post-thumbnail","7":"category-filmes","8":"tag-entertainment","9":"tag-entretenimento","10":"tag-film","11":"tag-filmes","12":"tag-movies","13":"tag-netflix","14":"tag-portugal","15":"tag-pt"},"share_on_mastodon":{"url":"","error":""},"_links":{"self":[{"href":"https:\/\/www.europesays.com\/pt\/wp-json\/wp\/v2\/posts\/28179","targetHints":{"allow":["GET"]}}],"collection":[{"href":"https:\/\/www.europesays.com\/pt\/wp-json\/wp\/v2\/posts"}],"about":[{"href":"https:\/\/www.europesays.com\/pt\/wp-json\/wp\/v2\/types\/post"}],"author":[{"embeddable":true,"href":"https:\/\/www.europesays.com\/pt\/wp-json\/wp\/v2\/users\/2"}],"replies":[{"embeddable":true,"href":"https:\/\/www.europesays.com\/pt\/wp-json\/wp\/v2\/comments?post=28179"}],"version-history":[{"count":0,"href":"https:\/\/www.europesays.com\/pt\/wp-json\/wp\/v2\/posts\/28179\/revisions"}],"wp:featuredmedia":[{"embeddable":true,"href":"https:\/\/www.europesays.com\/pt\/wp-json\/wp\/v2\/media\/28180"}],"wp:attachment":[{"href":"https:\/\/www.europesays.com\/pt\/wp-json\/wp\/v2\/media?parent=28179"}],"wp:term":[{"taxonomy":"category","embeddable":true,"href":"https:\/\/www.europesays.com\/pt\/wp-json\/wp\/v2\/categories?post=28179"},{"taxonomy":"post_tag","embeddable":true,"href":"https:\/\/www.europesays.com\/pt\/wp-json\/wp\/v2\/tags?post=28179"}],"curies":[{"name":"wp","href":"https:\/\/api.w.org\/{rel}","templated":true}]}}