{"id":28195,"date":"2025-08-13T21:43:09","date_gmt":"2025-08-13T21:43:09","guid":{"rendered":"https:\/\/www.europesays.com\/pt\/28195\/"},"modified":"2025-08-13T21:43:09","modified_gmt":"2025-08-13T21:43:09","slug":"feira-do-livro-em-caminha-termina-amanha","status":"publish","type":"post","link":"https:\/\/www.europesays.com\/pt\/28195\/","title":{"rendered":"Feira do Livro em Caminha termina amanh\u00e3"},"content":{"rendered":"<p>At\u00e9 amanh\u00e3, quinta-feira, ainda pode ser visitada a V Feira do Livro Luso Galaica da Ribeira Minho, em Caminha, com um programa bastante aliciante, de que se destaca, hoje \u00e0 tarde, a inaugura\u00e7\u00e3o da exposi\u00e7\u00e3o: \u201c500 anos de Cam\u00f5es: a Camoniana da Funda\u00e7\u00e3o da Casa de Bragan\u00e7a\u201d. Quem vier a Caminha poder\u00e1 ainda conhecer o Barco de Vilar de Mouros, uma embarca\u00e7\u00e3o desaparecida h\u00e1 tr\u00eas d\u00e9cadas, de que foi constru\u00edda agora uma r\u00e9plica fiel, pelos trabalhadores da C\u00e2mara Municipal, e que est\u00e1 exposta nas arcadas dos Pa\u00e7os do Concelho. A organiza\u00e7\u00e3o da V Feira do Livro Luso Galaica da Ribeira Minho volta a apostar numa parceria, que re\u00fane as c\u00e2maras municipais de Caminha, A Guarda e O Rosal, a Uni\u00e3o de Freguesias de Caminha Matriz e Vilarelho e o Jornal Caminha@2000.<\/p>\n<p>H\u00e1 cerca de um ano, na IV Feira do Livro Luso Galaica da Ribeira Minho, foi apresentada a s\u00e9tima edi\u00e7\u00e3o do GEPPAV, \u201cO Barco de Vilar de Mouros e outras embarca\u00e7\u00f5es do Rio Coura\u201d, um livro da autoria de Paulo Torres Bento, Joaquim Aldeia Gon\u00e7alves, Bas\u00edlio Barrocas e Pl\u00e1cido Ranha Silva Souto. Ficou, na altura, o desafio de se proceder \u00e0 constru\u00e7\u00e3o de uma r\u00e9plica da embarca\u00e7\u00e3o original, que navegou no Rio Coura durante muitos anos, como apoio \u00e0 pesca, agricultura, mas tamb\u00e9m a atividades de lazer, e que desapareceu h\u00e1 cerca de 30 anos.<\/p>\n<p>Foram os trabalhadores da C\u00e2mara Municipal a encarregar-se do trabalho, sendo de destacar o papel do carpinteiro do Munic\u00edpio, Fernando Silva. Todo o processo foi acompanhado pelo Grupo de Estudo e Preserva\u00e7\u00e3o do Patrim\u00f3nio Vilarmourense \u2013 GEPPAV, um organismo que se dedica \u00e0 pesquisa, preserva\u00e7\u00e3o, inventaria\u00e7\u00e3o e produ\u00e7\u00e3o de conhecimento sobre o patrim\u00f3nio de vilarmourense, e por Ant\u00f3nio Fi\u00faza. Coube ao Vereador da Cultura da C\u00e2mara Municipal, Jo\u00e3o Pinto, a coordena\u00e7\u00e3o de todo o processo.<\/p>\n<p>Este trabalho foi poss\u00edvel gra\u00e7as \u00e0 investiga\u00e7\u00e3o de Ot\u00e1vio Lixa Filgueiras, considerado o maior especialista de embarca\u00e7\u00f5es tradicionais portuguesas. O Professor Arquiteto Oct\u00e1vio Lixa Filgueiras esteve em Vilar de Mouros h\u00e1 muitos anos, onde ainda encontrou algumas embarca\u00e7\u00f5es, que identificou, e das quais deixou os planos que permitiram, agora, reconstruir o Barco de Vilar de Mouros, descrito como um \u00a0pequeno barco de fundo chato, de proa e popa afiadas, que na freguesia era conhecido tamb\u00e9m por bateira.<\/p>\n<p>A mem\u00f3ria deste exemplar do patrim\u00f3nio fluvial est\u00e1 a partir de agora devidamente salvaguardada e, de acordo com um protocolo entre a C\u00e2mara Municipal de Caminha, Junta de Freguesia de Vilar de Mouros e Capitania de Caminha, no futuro, o barco dever\u00e1 ser colocado na \u00e1gua, pelo menos durante os meses de ver\u00e3o.<\/p>\n<p>No primeiro dia, logo ap\u00f3s a abertura da Feira, o tema foi, assim, o patrim\u00f3nio fluvial do concelho e, neste caso, da freguesia de Vilar de Mouros, com uma palestra por Paulo Torres Bento.<\/p>\n<p>Houve tamb\u00e9m um recital de poesia, pelo ator Ant\u00f3nio Nogueira Neiva.<\/p>\n<p>Hoje, como referimos, o destaque ser\u00e1 a exposi\u00e7\u00e3o sobre \u201c500 anos de Cam\u00f5es: a Camoniana da Funda\u00e7\u00e3o da Casa de Bragan\u00e7a\u201d, que ficar\u00e1 patente na Sala dos Presidentes, no edif\u00edcio dos Pa\u00e7os do Concelho.<\/p>\n<p>A exposi\u00e7\u00e3o que agora se inaugura e que se insere nas celebra\u00e7\u00f5es dos 500 anos do nascimento de Lu\u00eds de Cam\u00f5es, d\u00e1 a conhecer algumas das mais marcantes edi\u00e7\u00f5es da sua obra, assim como pretende assinalar, tamb\u00e9m, a evolu\u00e7\u00e3o da iconografia relacionada com o poeta maior da l\u00edngua portuguesa.<\/p>\n<p>Foto: DR<\/p>\n","protected":false},"excerpt":{"rendered":"At\u00e9 amanh\u00e3, quinta-feira, ainda pode ser visitada a V Feira do Livro Luso Galaica da Ribeira Minho, em&hellip;\n","protected":false},"author":2,"featured_media":28196,"comment_status":"","ping_status":"","sticky":false,"template":"","format":"standard","meta":{"footnotes":""},"categories":[143],"tags":[169,114,115,170,32,33],"class_list":{"0":"post-28195","1":"post","2":"type-post","3":"status-publish","4":"format-standard","5":"has-post-thumbnail","7":"category-livros","8":"tag-books","9":"tag-entertainment","10":"tag-entretenimento","11":"tag-livros","12":"tag-portugal","13":"tag-pt"},"share_on_mastodon":{"url":"","error":""},"_links":{"self":[{"href":"https:\/\/www.europesays.com\/pt\/wp-json\/wp\/v2\/posts\/28195","targetHints":{"allow":["GET"]}}],"collection":[{"href":"https:\/\/www.europesays.com\/pt\/wp-json\/wp\/v2\/posts"}],"about":[{"href":"https:\/\/www.europesays.com\/pt\/wp-json\/wp\/v2\/types\/post"}],"author":[{"embeddable":true,"href":"https:\/\/www.europesays.com\/pt\/wp-json\/wp\/v2\/users\/2"}],"replies":[{"embeddable":true,"href":"https:\/\/www.europesays.com\/pt\/wp-json\/wp\/v2\/comments?post=28195"}],"version-history":[{"count":0,"href":"https:\/\/www.europesays.com\/pt\/wp-json\/wp\/v2\/posts\/28195\/revisions"}],"wp:featuredmedia":[{"embeddable":true,"href":"https:\/\/www.europesays.com\/pt\/wp-json\/wp\/v2\/media\/28196"}],"wp:attachment":[{"href":"https:\/\/www.europesays.com\/pt\/wp-json\/wp\/v2\/media?parent=28195"}],"wp:term":[{"taxonomy":"category","embeddable":true,"href":"https:\/\/www.europesays.com\/pt\/wp-json\/wp\/v2\/categories?post=28195"},{"taxonomy":"post_tag","embeddable":true,"href":"https:\/\/www.europesays.com\/pt\/wp-json\/wp\/v2\/tags?post=28195"}],"curies":[{"name":"wp","href":"https:\/\/api.w.org\/{rel}","templated":true}]}}