{"id":281985,"date":"2026-02-24T10:58:24","date_gmt":"2026-02-24T10:58:24","guid":{"rendered":"https:\/\/www.europesays.com\/pt\/281985\/"},"modified":"2026-02-24T10:58:24","modified_gmt":"2026-02-24T10:58:24","slug":"credito-a-habitacao-explode-com-compra-de-casa-pelos-jovens","status":"publish","type":"post","link":"https:\/\/www.europesays.com\/pt\/281985\/","title":{"rendered":"Cr\u00e9dito \u00e0 habita\u00e7\u00e3o explode com compra de casa pelos jovens"},"content":{"rendered":"<p data-remotead-prev-elm=\"true\" data-remotead-elm-id=\"inread\">O cr\u00e9dito \u00e0 habita\u00e7\u00e3o bateu recordes em 2025, atingindo o valor mais elevado desde que h\u00e1 registo estat\u00edstico compar\u00e1vel. De acordo com dados do Banco de Portugal, os bancos concederam cerca de 23,3 mil milh\u00f5es de euros em novos empr\u00e9stimos para compra de casa, mais 5,9 mil milh\u00f5es do que no ano anterior. O montante representa um m\u00e1ximo dos \u00faltimos 12 anos e confirma o dinamismo j\u00e1 observado na segunda metade de 2024.<\/p>\n","protected":false},"excerpt":{"rendered":"O cr\u00e9dito \u00e0 habita\u00e7\u00e3o bateu recordes em 2025, atingindo o valor mais elevado desde que h\u00e1 registo estat\u00edstico&hellip;\n","protected":false},"author":2,"featured_media":281986,"comment_status":"","ping_status":"","sticky":false,"template":"","format":"standard","meta":{"footnotes":"","_share_on_mastodon":"0"},"categories":[83],"tags":[88,1238,476,89,90,14852,456,3176,10554,32,33],"class_list":["post-281985","post","type-post","status-publish","format-standard","has-post-thumbnail","category-empresas","tag-business","tag-credito-a-habitacao","tag-economia","tag-economy","tag-empresas","tag-emprestimos","tag-habitacao","tag-jovens","tag-mercado-imobiliario","tag-portugal","tag-pt"],"share_on_mastodon":{"url":"https:\/\/pubeurope.com\/@pt\/116125257299512336","error":""},"_links":{"self":[{"href":"https:\/\/www.europesays.com\/pt\/wp-json\/wp\/v2\/posts\/281985","targetHints":{"allow":["GET"]}}],"collection":[{"href":"https:\/\/www.europesays.com\/pt\/wp-json\/wp\/v2\/posts"}],"about":[{"href":"https:\/\/www.europesays.com\/pt\/wp-json\/wp\/v2\/types\/post"}],"author":[{"embeddable":true,"href":"https:\/\/www.europesays.com\/pt\/wp-json\/wp\/v2\/users\/2"}],"replies":[{"embeddable":true,"href":"https:\/\/www.europesays.com\/pt\/wp-json\/wp\/v2\/comments?post=281985"}],"version-history":[{"count":0,"href":"https:\/\/www.europesays.com\/pt\/wp-json\/wp\/v2\/posts\/281985\/revisions"}],"wp:featuredmedia":[{"embeddable":true,"href":"https:\/\/www.europesays.com\/pt\/wp-json\/wp\/v2\/media\/281986"}],"wp:attachment":[{"href":"https:\/\/www.europesays.com\/pt\/wp-json\/wp\/v2\/media?parent=281985"}],"wp:term":[{"taxonomy":"category","embeddable":true,"href":"https:\/\/www.europesays.com\/pt\/wp-json\/wp\/v2\/categories?post=281985"},{"taxonomy":"post_tag","embeddable":true,"href":"https:\/\/www.europesays.com\/pt\/wp-json\/wp\/v2\/tags?post=281985"}],"curies":[{"name":"wp","href":"https:\/\/api.w.org\/{rel}","templated":true}]}}