{"id":282197,"date":"2026-02-24T15:16:11","date_gmt":"2026-02-24T15:16:11","guid":{"rendered":"https:\/\/www.europesays.com\/pt\/282197\/"},"modified":"2026-02-24T15:16:11","modified_gmt":"2026-02-24T15:16:11","slug":"hospital-municipal-mantem-acreditacao-com-excelencia-nivel3","status":"publish","type":"post","link":"https:\/\/www.europesays.com\/pt\/282197\/","title":{"rendered":"Hospital Municipal mant\u00e9m Acredita\u00e7\u00e3o com Excel\u00eancia N\u00edvel3"},"content":{"rendered":"<p>&#13;<br \/>\n                        <b>Nei Jos\u00e9 Sant&#8217;Anna<\/b><br \/>&#13;<br \/>\n                Sa\u00fade&#13;\n            <\/p>\n<p>O Hospital Municipal Dr. Jos\u00e9 de Carvalho Florence, unidade da Prefeitura de S\u00e3o Jos\u00e9 dos Campos gerenciada pela SPDM (Associa\u00e7\u00e3o Paulista para o Desenvolvimento da Medicina), manteve o N\u00edvel 3 \u2013 Acreditado com Excel\u00eancia da Organiza\u00e7\u00e3o Nacional de Acredita\u00e7\u00e3o (ONA) ap\u00f3s passar pela Avalia\u00e7\u00e3o de Manuten\u00e7\u00e3o I, realizada presencialmente nos dias 4 e 5 de fevereiro.<\/p>\n<p>O relat\u00f3rio, divulgado na \u00faltima semana, foi elaborado pelo Instituto Qualisa de Gest\u00e3o (IQG), institui\u00e7\u00e3o acreditadora credenciada pela ONA. Durante a visita, os avaliadores percorreram diversos setores do hospital e das unidades que comp\u00f5em a rede assistencial, analisando protocolos cl\u00ednicos, fluxos assistenciais, indicadores de desempenho, pr\u00e1ticas de seguran\u00e7a do paciente, gest\u00e3o de riscos e governan\u00e7a institucional.<\/p>\n<p><strong>Certifica\u00e7\u00e3o<\/strong><\/p>\n<p>A certifica\u00e7\u00e3o no N\u00edvel 3 \u2013 Acreditado com Excel\u00eancia, conquistado no ano passado, representa o mais alto patamar da metodologia ONA e demonstra que a institui\u00e7\u00e3o possui forte cultura de melhoria cont\u00ednua, gest\u00e3o integrada e indicadores de desempenho consolidados, com decis\u00f5es baseadas em an\u00e1lise de dados e monitoramento sistem\u00e1tico de resultados.<\/p>\n<p>O ciclo de acredita\u00e7\u00e3o tem dura\u00e7\u00e3o de tr\u00eas anos, com visitas de manuten\u00e7\u00e3o previstas, em m\u00e9dia, a cada 12 meses. Ao final desse per\u00edodo, \u00e9 necess\u00e1rio passar por um novo processo de certifica\u00e7\u00e3o, assegurando a continuidade dos padr\u00f5es de excel\u00eancia.<\/p>\n<p><img loading=\"lazy\" decoding=\"async\" src=\"https:\/\/www.europesays.com\/pt\/wp-content\/uploads\/2026\/02\/ona-3-2-site-2.jpg\" alt=\"\" width=\"500\" height=\"333\"\/><br \/>A certifica\u00e7\u00e3o no N\u00edvel 3 representa o mais alto patamar da metodologia ONA | Foto:PMSJC<\/p>\n<p><strong>Rede integrada<\/strong><\/p>\n<p>A avalia\u00e7\u00e3o contemplou a Rede SPDM em S\u00e3o Jos\u00e9 dos Campos, incluindo o Hospital Municipal, Unidades B\u00e1sicas de Sa\u00fade da regi\u00e3o leste da cidade, SAMU Regional e o Centro de Reabilita\u00e7\u00e3o Lucy Montoro, al\u00e9m do Servi\u00e7o de Trauma do HM, que tamb\u00e9m manteve o N\u00edvel de certifica\u00e7\u00e3o Diamante.<\/p>\n<p>O relat\u00f3rio aponta maturidade crescente na gest\u00e3o e na qualidade assistencial, com destaque para o modelo de governan\u00e7a integrada, decis\u00f5es colegiadas em \u00e1reas cr\u00edticas, mapeamento e monitoramento de riscos institucionais, protocolos cl\u00ednicos implantados e gerenciados, atua\u00e7\u00e3o estruturada das comiss\u00f5es internas e participa\u00e7\u00e3o ativa das lideran\u00e7as na an\u00e1lise de indicadores<\/p>\n<p>Entre as recomenda\u00e7\u00f5es est\u00e3o o fortalecimento da gest\u00e3o de riscos sist\u00eamicos, a amplia\u00e7\u00e3o da an\u00e1lise de desfechos assistenciais e a evolu\u00e7\u00e3o cont\u00ednua dos indicadores de performance.<\/p>\n<p>O Servi\u00e7o de Trauma tamb\u00e9m foi avaliado com parecer favor\u00e1vel, com destaque para a organiza\u00e7\u00e3o dos fluxos assistenciais, protocolos cl\u00ednicos e articula\u00e7\u00e3o entre os diferentes n\u00edveis de aten\u00e7\u00e3o, elementos considerados estrat\u00e9gicos para a seguran\u00e7a e qualidade no atendimento a pacientes em situa\u00e7\u00f5es cr\u00edticas.<\/p>\n<p><strong>Compromisso com a qualidade<\/strong><\/p>\n<p>Para o diretor t\u00e9cnico do Hospital Municipal, Dr. Carlos Maganha, a manuten\u00e7\u00e3o do N\u00edvel 3 refor\u00e7a o compromisso institucional com a excel\u00eancia. \u201cManter o N\u00edvel 3 da ONA \u00e9 resultado de um trabalho coletivo, di\u00e1rio e estruturado. Essa avalia\u00e7\u00e3o confirma que estamos no caminho certo, com processos consolidados e foco permanente na seguran\u00e7a do paciente\u201d, destacou.<\/p>\n<p>A manuten\u00e7\u00e3o do N\u00edvel 3 da ONA coloca o Hospital Municipal em um seleto grupo de institui\u00e7\u00f5es p\u00fablicas que alcan\u00e7am e sustentam o mais alto padr\u00e3o de qualidade assistencial do pa\u00eds.<\/p>\n<p>O reconhecimento se soma a outra conquista recente: o Hospital Municipal foi apontado como um dos 100 melhores hospitais p\u00fablicos do Brasil, sendo o \u00fanico da Regi\u00e3o Metropolitana do Vale do Para\u00edba a integrar a lista nacional.<\/p>\n<p>O levantamento foi realizado por entidades do setor de sa\u00fade, como o Instituto Brasileiro das Organiza\u00e7\u00f5es Sociais de Sa\u00fade (Ibross), em parceria com a Organiza\u00e7\u00e3o Mundial da Sa\u00fade (OMS), por meio da Organiza\u00e7\u00e3o.<\/p>\n<p>&#13;<br \/>\n                    <strong>MAIS NOT\u00cdCIAS<\/strong><br \/>&#13;<br \/>\n                    <a href=\"https:\/\/www.sjc.sp.gov.br\/noticias\/?tema=13\" rel=\"nofollow noopener\" target=\"_blank\">Sa\u00fade<\/a>&#13;\n                <\/p>\n","protected":false},"excerpt":{"rendered":"&#13; Nei Jos\u00e9 Sant&#8217;Anna&#13; Sa\u00fade&#13; O Hospital Municipal Dr. Jos\u00e9 de Carvalho Florence, unidade da Prefeitura de S\u00e3o&hellip;\n","protected":false},"author":2,"featured_media":282198,"comment_status":"","ping_status":"","sticky":false,"template":"","format":"standard","meta":{"footnotes":"","_share_on_mastodon":"0"},"categories":[86],"tags":[1300,116,3048,32,3046,33,3049,117,3047],"class_list":["post-282197","post","type-post","status-publish","format-standard","has-post-thumbnail","category-saude","tag-cidade","tag-health","tag-online","tag-portugal","tag-prefeitura","tag-pt","tag-so-jos-dos-campos","tag-saude","tag-servios"],"share_on_mastodon":{"url":"https:\/\/pubeurope.com\/@pt\/116126271652724806","error":""},"_links":{"self":[{"href":"https:\/\/www.europesays.com\/pt\/wp-json\/wp\/v2\/posts\/282197","targetHints":{"allow":["GET"]}}],"collection":[{"href":"https:\/\/www.europesays.com\/pt\/wp-json\/wp\/v2\/posts"}],"about":[{"href":"https:\/\/www.europesays.com\/pt\/wp-json\/wp\/v2\/types\/post"}],"author":[{"embeddable":true,"href":"https:\/\/www.europesays.com\/pt\/wp-json\/wp\/v2\/users\/2"}],"replies":[{"embeddable":true,"href":"https:\/\/www.europesays.com\/pt\/wp-json\/wp\/v2\/comments?post=282197"}],"version-history":[{"count":0,"href":"https:\/\/www.europesays.com\/pt\/wp-json\/wp\/v2\/posts\/282197\/revisions"}],"wp:featuredmedia":[{"embeddable":true,"href":"https:\/\/www.europesays.com\/pt\/wp-json\/wp\/v2\/media\/282198"}],"wp:attachment":[{"href":"https:\/\/www.europesays.com\/pt\/wp-json\/wp\/v2\/media?parent=282197"}],"wp:term":[{"taxonomy":"category","embeddable":true,"href":"https:\/\/www.europesays.com\/pt\/wp-json\/wp\/v2\/categories?post=282197"},{"taxonomy":"post_tag","embeddable":true,"href":"https:\/\/www.europesays.com\/pt\/wp-json\/wp\/v2\/tags?post=282197"}],"curies":[{"name":"wp","href":"https:\/\/api.w.org\/{rel}","templated":true}]}}