{"id":282299,"date":"2026-02-24T17:03:09","date_gmt":"2026-02-24T17:03:09","guid":{"rendered":"https:\/\/www.europesays.com\/pt\/282299\/"},"modified":"2026-02-24T17:03:09","modified_gmt":"2026-02-24T17:03:09","slug":"nunca-falei-sobre-isto-marcia-soares-abre-o-coracao-e-faz-impactante-confidencia","status":"publish","type":"post","link":"https:\/\/www.europesays.com\/pt\/282299\/","title":{"rendered":"&#8220;Nunca falei sobre isto&#8221;: Marcia Soares abre o cora\u00e7\u00e3o e faz impactante confid\u00eancia"},"content":{"rendered":"<p>Um dia depois do arranque da d\u00e9cima edi\u00e7\u00e3o de &#8220;<a href=\"https:\/\/tvi.iol.pt\/secretstory\/\" target=\"_blank\" rel=\"nofollow noopener\">Secret Story<\/a> &#8211; Casa dos Segredos&#8221;, Marcia Soares estreia-so como comentadora do reality show da <a href=\"https:\/\/tvi.iol.pt\/\" target=\"_blank\" rel=\"nofollow noopener\">TVI<\/a>, nos programas &#8220;\u00daltima Hora&#8221; e &#8220;Di\u00e1rio&#8221;.<\/p>\n<p>&#8220;Estou muito, muito feliz com este regresso. Os dois meses de pausa foram muito importantes. Desde o &#8216;Big Brother 2023&#8217;, nunca mais houve descanso. Foram muitos reality shows. No &#8216;Big Brother Ver\u00e3o&#8217;, n\u00e3o fui comentadora, mas tinha l\u00e1 a J\u00e9ssica [Vieira, de quem \u00e9 amiga]. O psicol\u00f3gico esteve l\u00e1 sempre. Portanto, agora, soube-me muito, muito bem. Pude reconectar-me comigo, com a minha fam\u00edlia e com os meus amigos&#8221;, confidencia Marcia Soares, numa conversa exclusiva com a SELFIE. &#8220;Precisei mesmo, para a minha cabe\u00e7a, desligar-me um bocadinho, para voltar agora com for\u00e7a para o &#8216;Secret Story'&#8221;, acrescenta.<\/p>\n<p>Questionada sobre se volta a mesma comentadora, a luxemburguesa acaba por surpreender. &#8220;Nunca falei sobre isto, nem acho que tenha de faz\u00ea-lo, mas o que aconteceu no in\u00edcio do ano [a morte de Maycon Douglas] mexeu imenso comigo. Foi muito complicado&#8221;, diz, assumindo que a trag\u00e9dia teve impacto nela, \u00e0 semelhan\u00e7a de milhares de pessoas que acompanharam o ex-concorrente no programa: &#8220;Isso tamb\u00e9m me fez acalmar, olhar para tr\u00e1s e querer ser ainda melhor comentadora, tentando ser ainda mais justa e mais imparcial.&#8221;<\/p>\n<p>&#8220;Se alguma vez o meu coment\u00e1rio magoou algu\u00e9m, n\u00e3o foi por mal. Quando vejo um programa, eu sinto-o, vivo as emo\u00e7\u00f5es&#8230; J\u00e1 estive l\u00e1 dentro e tenho o termo de compara\u00e7\u00e3o, portanto, por muito que queira desligar-me e n\u00e3o me envolver tanto emocionalmente, acho que vai acabar por acontecer na mesma. N\u00e3o consigo ser diferente&#8230; Gostaria, mas acho que n\u00e3o consigo&#8221;, refere ainda <a href=\"https:\/\/selfie.iol.pt\/famosos\/marcia-soares\/em-dia-especial-marcia-soares-abre-o-coracao-serei-sempre-grata\/20260220\/69984b04d34e28842c80da46\" target=\"_blank\" rel=\"nofollow noopener\">Marcia Soares<\/a>.<\/p>\n<p>Com os concorrentes j\u00e1 dentro da casa mais vigiada do Pa\u00eds, a comentadora espera que esta seja uma temporada &#8220;melhor do que a anterior&#8221;. &#8220;Espero sempre isso. N\u00e3o \u00e9 uma cr\u00edtica \u00e0 anterior edi\u00e7\u00e3o. Foi muito boa! Amei! S\u00f3 acho que devemos sempre tentar melhorar mais e mais e mais. Portanto, o que eu espero \u00e9 que seja melhor do que a anterior&#8221;, repete.<\/p>\n<p>Veja, agora, nas galerias que prepar\u00e1mos para si, as melhores imagens de <a href=\"https:\/\/selfie.iol.pt\/famosos\/gala-33-anos-tvi\/de-branco-e-em-noite-unica-marcia-soares-faz-revelacoes-sobre-casamento\/20260221\/699a2665d34e28842c80eb11\" target=\"_blank\" rel=\"nofollow noopener\">Marcia Soares<\/a>.<\/p>\n","protected":false},"excerpt":{"rendered":"Um dia depois do arranque da d\u00e9cima edi\u00e7\u00e3o de &#8220;Secret Story &#8211; Casa dos Segredos&#8221;, Marcia Soares estreia-so&hellip;\n","protected":false},"author":2,"featured_media":282300,"comment_status":"","ping_status":"","sticky":false,"template":"","format":"standard","meta":{"footnotes":"","_share_on_mastodon":"0"},"categories":[145],"tags":[6308,6981,48,6982,1170,2632,46676,211,210,114,115,741,4763,980,1417,2038,619,32,33,1014,1315,6985,46677,46679,1012,6986,46678,162],"class_list":["post-282299","post","type-post","status-publish","format-standard","has-post-thumbnail","category-celebridades","tag-bb","tag-bb2023","tag-big-brother","tag-big-brother-2023","tag-big-brother-verao","tag-casa-dos-segredos","tag-casa-dos-segredos-10","tag-celebridades","tag-celebrities","tag-entertainment","tag-entretenimento","tag-entrevista","tag-exclusivo","tag-famosos","tag-jessica-vieira","tag-marcia-soares","tag-nacional","tag-portugal","tag-pt","tag-reality-show","tag-secret-story","tag-secret-story-casa-dos-segredos","tag-secret-story-casa-dos-segredos-10","tag-secret-story-10","tag-selfie","tag-ss","tag-ss10","tag-tvi"],"share_on_mastodon":{"url":"https:\/\/pubeurope.com\/@pt\/116126692369961544","error":""},"_links":{"self":[{"href":"https:\/\/www.europesays.com\/pt\/wp-json\/wp\/v2\/posts\/282299","targetHints":{"allow":["GET"]}}],"collection":[{"href":"https:\/\/www.europesays.com\/pt\/wp-json\/wp\/v2\/posts"}],"about":[{"href":"https:\/\/www.europesays.com\/pt\/wp-json\/wp\/v2\/types\/post"}],"author":[{"embeddable":true,"href":"https:\/\/www.europesays.com\/pt\/wp-json\/wp\/v2\/users\/2"}],"replies":[{"embeddable":true,"href":"https:\/\/www.europesays.com\/pt\/wp-json\/wp\/v2\/comments?post=282299"}],"version-history":[{"count":0,"href":"https:\/\/www.europesays.com\/pt\/wp-json\/wp\/v2\/posts\/282299\/revisions"}],"wp:featuredmedia":[{"embeddable":true,"href":"https:\/\/www.europesays.com\/pt\/wp-json\/wp\/v2\/media\/282300"}],"wp:attachment":[{"href":"https:\/\/www.europesays.com\/pt\/wp-json\/wp\/v2\/media?parent=282299"}],"wp:term":[{"taxonomy":"category","embeddable":true,"href":"https:\/\/www.europesays.com\/pt\/wp-json\/wp\/v2\/categories?post=282299"},{"taxonomy":"post_tag","embeddable":true,"href":"https:\/\/www.europesays.com\/pt\/wp-json\/wp\/v2\/tags?post=282299"}],"curies":[{"name":"wp","href":"https:\/\/api.w.org\/{rel}","templated":true}]}}