{"id":282546,"date":"2026-02-24T21:34:08","date_gmt":"2026-02-24T21:34:08","guid":{"rendered":"https:\/\/www.europesays.com\/pt\/282546\/"},"modified":"2026-02-24T21:34:08","modified_gmt":"2026-02-24T21:34:08","slug":"daniel-radcliffe-revela-qual-foi-sua-reacao-inicial-com-a-serie-de-harry-potter","status":"publish","type":"post","link":"https:\/\/www.europesays.com\/pt\/282546\/","title":{"rendered":"Daniel Radcliffe revela qual foi sua rea\u00e7\u00e3o inicial com a s\u00e9rie de Harry Potter"},"content":{"rendered":"<p class=\"wp-block-yoast-seo-estimated-reading-time yoast-reading-time__wrapper\">Estimated reading time: 2 minutos<\/p>\n<p>Contente por passar o bast\u00e3o para a pr\u00f3xima gera\u00e7\u00e3o de atores de <a href=\"https:\/\/ovicio.com.br\/serie\/harry-potter\" target=\"_blank\" rel=\"noreferrer noopener nofollow\">Harry Potter<\/a>, <strong>Daniel Radcliffe<\/strong> conta qual foi sua rea\u00e7\u00e3o ao descobrir que a <a href=\"https:\/\/ovicio.com.br\/tag\/warner\" target=\"_blank\" rel=\"noreferrer noopener nofollow\">Warner Bros.<\/a> estava produzindo uma s\u00e9rie reboot da saga.<\/p>\n<p>Em bate-papo com o site Comic Book, o ic\u00f4nico int\u00e9rprete original do bruxo hom\u00f4nimo revela que soube da produ\u00e7\u00e3o antes mesmo de um an\u00fancio ser publicado, j\u00e1 que o est\u00fadio entrou em contato com o ator.<\/p>\n<p><strong>&#8220;Tudo o que eu disse para eles foi: &#8216;Adoraria escrever para o menino que interpretar\u00e1 Harry. Quando tiverem o nome dele, se puderem me enviar&#8230; N\u00e3o preciso de nada com anteced\u00eancia, apenas me avise quando for apropriado escrever para ele, parabeniz\u00e1-lo e desejar-lhe boa sorte.'&#8221;<\/strong><\/p>\n<p><a href=\"https:\/\/ovicio.com.br\/tag\/daniel-radcliffe\" target=\"_blank\" rel=\"noreferrer noopener nofollow\">Radcliffe<\/a> cumpriu com sua palavra, enviando meses depois uma carta para <a href=\"https:\/\/ovicio.com.br\/tag\/dominic-mclaughlin\" target=\"_blank\" rel=\"noreferrer noopener nofollow\">Dominic McLaughlin<\/a>, o jovem que interpretar\u00e1 Potter na releitura para o streaming.<\/p>\n<p>Vale destacar que o ator n\u00e3o possui qualquer envolvimento com a produ\u00e7\u00e3o em andamento, mesmo que os f\u00e3s tenham sugerido a possibilidade dele interpretar um novo personagem na franquia.<\/p>\n<p>Com as filmagens em andamento no Reino Unido, a s\u00e9rie de <strong>Harry Potter<\/strong> estrear\u00e1 em algum momento do primeiro semestre de 2027 na <strong>HBO<\/strong> e <a href=\"https:\/\/ovicio.com.br\/tag\/hbo-max\" target=\"_blank\" rel=\"noreferrer noopener nofollow\">HBO Max<\/a>.<\/p>\n<p>Leia mais sobre Harry Potter:<\/p>\n<p>A 1\u00aa temporada de <strong>Harry Potter<\/strong> adaptar\u00e1 os eventos de <strong>A Pedra Filosofal<\/strong>, exibindo a chegada do jovem bruxo em Hogwarts e diante da primeira amea\u00e7a que a escola de bruxaria esconde.<\/p>\n<p>A ideia \u00e9 adaptar cada livro em uma temporada diferente, enquanto <strong>Francesca Gardinier<\/strong> (Succession) \u00e9 creditada como showrunner.<\/p>\n<p><strong>Fonte: <\/strong><a href=\"https:\/\/comicbook.com\/tv-shows\/feature\/daniel-radcliffe-talks-wolverine-franchises-harry-potter-his-new-comedy-series-exclusive\/\" target=\"_blank\" rel=\"noreferrer noopener nofollow\">Comic Book<\/a><\/p>\n","protected":false},"excerpt":{"rendered":"Estimated reading time: 2 minutos Contente por passar o bast\u00e3o para a pr\u00f3xima gera\u00e7\u00e3o de atores de Harry&hellip;\n","protected":false},"author":2,"featured_media":282547,"comment_status":"","ping_status":"","sticky":false,"template":"","format":"standard","meta":{"footnotes":"","_share_on_mastodon":"0"},"categories":[140],"tags":[15628,33877,114,115,147,148,700,1626,1583,146,32,33,599],"class_list":["post-282546","post","type-post","status-publish","format-standard","has-post-thumbnail","category-filmes","tag-daniel-radcliffe","tag-dominic-mclaughlin","tag-entertainment","tag-entretenimento","tag-film","tag-filmes","tag-harry-potter","tag-hbo","tag-hbo-max","tag-movies","tag-portugal","tag-pt","tag-warner"],"share_on_mastodon":{"url":"https:\/\/pubeurope.com\/@pt\/116127758153945829","error":""},"_links":{"self":[{"href":"https:\/\/www.europesays.com\/pt\/wp-json\/wp\/v2\/posts\/282546","targetHints":{"allow":["GET"]}}],"collection":[{"href":"https:\/\/www.europesays.com\/pt\/wp-json\/wp\/v2\/posts"}],"about":[{"href":"https:\/\/www.europesays.com\/pt\/wp-json\/wp\/v2\/types\/post"}],"author":[{"embeddable":true,"href":"https:\/\/www.europesays.com\/pt\/wp-json\/wp\/v2\/users\/2"}],"replies":[{"embeddable":true,"href":"https:\/\/www.europesays.com\/pt\/wp-json\/wp\/v2\/comments?post=282546"}],"version-history":[{"count":0,"href":"https:\/\/www.europesays.com\/pt\/wp-json\/wp\/v2\/posts\/282546\/revisions"}],"wp:featuredmedia":[{"embeddable":true,"href":"https:\/\/www.europesays.com\/pt\/wp-json\/wp\/v2\/media\/282547"}],"wp:attachment":[{"href":"https:\/\/www.europesays.com\/pt\/wp-json\/wp\/v2\/media?parent=282546"}],"wp:term":[{"taxonomy":"category","embeddable":true,"href":"https:\/\/www.europesays.com\/pt\/wp-json\/wp\/v2\/categories?post=282546"},{"taxonomy":"post_tag","embeddable":true,"href":"https:\/\/www.europesays.com\/pt\/wp-json\/wp\/v2\/tags?post=282546"}],"curies":[{"name":"wp","href":"https:\/\/api.w.org\/{rel}","templated":true}]}}