{"id":282998,"date":"2026-02-25T05:49:18","date_gmt":"2026-02-25T05:49:18","guid":{"rendered":"https:\/\/www.europesays.com\/pt\/282998\/"},"modified":"2026-02-25T05:49:18","modified_gmt":"2026-02-25T05:49:18","slug":"urbam-tem-lava-rodas-automatico-para-veiculos-no-aterro-municipal","status":"publish","type":"post","link":"https:\/\/www.europesays.com\/pt\/282998\/","title":{"rendered":"Urbam tem lava-rodas autom\u00e1tico para ve\u00edculos no aterro municipal"},"content":{"rendered":"<p>&#13;<br \/>\n                        <b>Rodrigo de Almeida Oliveira<\/b><br \/>&#13;<br \/>\n                Urbam&#13;\n            <\/p>\n<p dir=\"ltr\">A Urbam implantou um moderno sistema de lavagem autom\u00e1tica de rodas e chassis no Aterro Sanit\u00e1rio Municipal. O equipamento est\u00e1 em funcionamento desde segunda-feira (23).<\/p>\n<p dir=\"ltr\">A tecnologia foi instalada estrategicamente na sa\u00edda da Esta\u00e7\u00e3o de Tratamento de Res\u00edduos S\u00f3lidos com o objetivo de garantir que os caminh\u00f5es retornem \u00e0s vias p\u00fablicas limpos, evitando a dispers\u00e3o de sujeira.<\/p>\n<p dir=\"ltr\">O sistema opera de forma aut\u00f4noma: assim que o ve\u00edculo sobe na plataforma, sensores detectam sua presen\u00e7a e jatos de \u00e1gua s\u00e3o acionados. A limpeza atinge os pneus e toda a parte inferior dos ve\u00edculos, removendo barro, areia e outros detritos acumulados durante o tr\u00e1fego interno, especialmente em dias de chuva.<\/p>\n<p dir=\"ltr\">S\u00e3o Jos\u00e9 dos Campos, certificada internacionalmente nas categorias\u00a0Cidade Inteligente, Sustent\u00e1vel e Resiliente &#8211;\u00a0todas com classifica\u00e7\u00e3o platina, assim como a\u00a0in\u00e9dita certifica\u00e7\u00e3o ISO 37125, sendo a primeira cidade do mundo a obter essa certifica\u00e7\u00e3o, aferida a partir de 133 indicadores\u00a0ESG (ambientais, sociais e de governan\u00e7a) &#8211; intensificou pol\u00edticas de desenvolvimento econ\u00f4mico aliadas \u00e0 prote\u00e7\u00e3o da popula\u00e7\u00e3o e \u00e0 inova\u00e7\u00e3o.\u00a0<\/p>\n<p dir=\"ltr\"><img loading=\"lazy\" decoding=\"async\" src=\"https:\/\/www.europesays.com\/pt\/wp-content\/uploads\/2026\/02\/img_7302.jpg\" alt=\"Jatos de \u00e1gua ativados para a realiza\u00e7\u00e3o da limpeza nos ve\u00edculos\" width=\"500\" height=\"375\"\/><br \/>Sensores acionam jatos de \u00e1gua para impedir que res\u00edduos do aterro sejam levados para fora | Foto: PMSJC<\/p>\n<p dir=\"ltr\"><strong>Menos Desperd\u00edcio<\/strong><\/p>\n<p dir=\"ltr\">O grande diferencial do equipamento \u00e9 a opera\u00e7\u00e3o em circuito fechado. Toda a \u00e1gua utilizada no processo \u00e9 coletada por calhas de drenagem e direcionada para tanques espec\u00edficos.<\/p>\n<p dir=\"ltr\">Nesses reservat\u00f3rios, o l\u00edquido passa por um processo de decanta\u00e7\u00e3o, onde os res\u00edduos s\u00f3lidos s\u00e3o separados. Ap\u00f3s essa filtragem, a \u00e1gua \u00e9 bombeada de volta para o sistema para ser reutilizada em novos ciclos.<\/p>\n<p dir=\"ltr\">Essa iniciativa refor\u00e7a a zeladoria urbana e a seguran\u00e7a vi\u00e1ria. Ao impedir que o barro chegue ao asfalto, reduz-se a necessidade de varri\u00e7\u00e3o extra e lavagem das avenidas pr\u00f3ximas ao aterro.<\/p>\n<p dir=\"ltr\">Al\u00e9m dos ganhos ambientais e visuais, a medida garante que a opera\u00e7\u00e3o da unidade permane\u00e7a em total conformidade com as normas vigentes e contribuindo com a qualidade do ar e \u00e1gua.<\/p>\n<p dir=\"ltr\"><strong>Aterro Nota 10<\/strong><\/p>\n<p dir=\"ltr\">O Aterro de S\u00e3o Jos\u00e9 \u00e9 refer\u00eancia nacional, tendo recebido a Nota 10 pela Cetesb cinco vezes. Ap\u00f3s a primeira nota m\u00e1xima em 2012, o \u00edndice enfrentou uma queda entre 2013 e 2016, mas retomou o crescimento a partir de 2017 (9,0). O empenho nas boas pr\u00e1ticas resultou na nota m\u00e1xima por quatro anos consecutivos, de 2020 a 2023.<\/p>\n<p dir=\"ltr\">As avalia\u00e7\u00f5es s\u00e3o sempre divulgadas em rela\u00e7\u00e3o ao ano anterior de opera\u00e7\u00e3o. Por esse motivo, a nota referente ao exerc\u00edcio de 2024 ainda ser\u00e1 publicada pelo \u00f3rg\u00e3o ambiental, com a expectativa de manter o padr\u00e3o de excel\u00eancia das \u00faltimas edi\u00e7\u00f5es.<\/p>\n<p dir=\"ltr\"><img loading=\"lazy\" decoding=\"async\" src=\"https:\/\/www.europesays.com\/pt\/wp-content\/uploads\/2026\/02\/dji_fly_20250909_101016_0162_1757431240282_video_beautifymp4_snapshot_0028391.jpg\" alt=\"\" width=\"500\" height=\"281\"\/><br \/>Aterro Municipal de S\u00e3o Jos\u00e9 \u00e9 refer\u00eancia nacional em sustentabilidade | Foto: Divulga\u00e7\u00e3o Urbam<\/p>\n<p dir=\"ltr\"><strong>Leia mais:<\/strong><\/p>\n<p>&#13;<br \/>\n                    <strong>MAIS NOT\u00cdCIAS<\/strong><br \/>&#13;<br \/>\n                    <a href=\"https:\/\/www.sjc.sp.gov.br\/noticias\/?tema=17\" rel=\"nofollow noopener\" target=\"_blank\">Urbam<\/a>&#13;\n                <\/p>\n","protected":false},"excerpt":{"rendered":"&#13; Rodrigo de Almeida Oliveira&#13; Urbam&#13; A Urbam implantou um moderno sistema de lavagem autom\u00e1tica de rodas e&hellip;\n","protected":false},"author":2,"featured_media":282999,"comment_status":"","ping_status":"","sticky":false,"template":"","format":"standard","meta":{"footnotes":"","_share_on_mastodon":"0"},"categories":[86],"tags":[1300,116,3048,32,3046,33,3049,117,3047],"class_list":["post-282998","post","type-post","status-publish","format-standard","has-post-thumbnail","category-saude","tag-cidade","tag-health","tag-online","tag-portugal","tag-prefeitura","tag-pt","tag-so-jos-dos-campos","tag-saude","tag-servios"],"share_on_mastodon":{"url":"https:\/\/pubeurope.com\/@pt\/116129704377109868","error":""},"_links":{"self":[{"href":"https:\/\/www.europesays.com\/pt\/wp-json\/wp\/v2\/posts\/282998","targetHints":{"allow":["GET"]}}],"collection":[{"href":"https:\/\/www.europesays.com\/pt\/wp-json\/wp\/v2\/posts"}],"about":[{"href":"https:\/\/www.europesays.com\/pt\/wp-json\/wp\/v2\/types\/post"}],"author":[{"embeddable":true,"href":"https:\/\/www.europesays.com\/pt\/wp-json\/wp\/v2\/users\/2"}],"replies":[{"embeddable":true,"href":"https:\/\/www.europesays.com\/pt\/wp-json\/wp\/v2\/comments?post=282998"}],"version-history":[{"count":0,"href":"https:\/\/www.europesays.com\/pt\/wp-json\/wp\/v2\/posts\/282998\/revisions"}],"wp:featuredmedia":[{"embeddable":true,"href":"https:\/\/www.europesays.com\/pt\/wp-json\/wp\/v2\/media\/282999"}],"wp:attachment":[{"href":"https:\/\/www.europesays.com\/pt\/wp-json\/wp\/v2\/media?parent=282998"}],"wp:term":[{"taxonomy":"category","embeddable":true,"href":"https:\/\/www.europesays.com\/pt\/wp-json\/wp\/v2\/categories?post=282998"},{"taxonomy":"post_tag","embeddable":true,"href":"https:\/\/www.europesays.com\/pt\/wp-json\/wp\/v2\/tags?post=282998"}],"curies":[{"name":"wp","href":"https:\/\/api.w.org\/{rel}","templated":true}]}}